{"id":117083,"date":"2025-09-19T02:00:09","date_gmt":"2025-09-19T02:00:09","guid":{"rendered":"https:\/\/www.europesays.com\/it\/117083\/"},"modified":"2025-09-19T02:00:09","modified_gmt":"2025-09-19T02:00:09","slug":"belen-rodriguez-chi-e-il-nuovo-fidanzato-stefano-belingardi-clusoni-architetto-milanese-fanno-coppia-fissa-corriere-adriatico","status":"publish","type":"post","link":"https:\/\/www.europesays.com\/it\/117083\/","title":{"rendered":"Belen Rodriguez, chi \u00e8 il nuovo fidanzato Stefano Belingardi Clusoni: \u00abArchitetto milanese, fanno coppia fissa\u00bb &#8211; Corriere Adriatico"},"content":{"rendered":"<ol>\n<li><a href=\"https:\/\/news.google.com\/rss\/articles\/CBMi4gFBVV95cUxOZ0gwT0VmR21jOFVaTmhCS3l2QUhxNFRRYVRsM0t4Ni1ObGNKWi1NYzd6MW9WUEU3SC1KWHY0ajRLZXlsRjVlVHFUSHBydGR4M1lITDh4bk1KVmZXeEtJSzZfelJMdTd3YThzT3dqUzA2Z2liWFNMVU01X0lVRzB6eDJvWUdUcEVqTVBGQVZJLWt5QUlmTk5KTjFBaWx6UjNfcFVnWXJQcGsyN1hRUmZHYUpFQzladkJROUUtZzdvOXZoQkVJY1RXV2lzYXJOVTBUWTNNRkctYmhRVThBZnZ3Snl3?oc=5\" target=\"_blank\" rel=\"nofollow noopener\">Belen Rodriguez, chi \u00e8 il nuovo fidanzato Stefano Belingardi Clusoni: \u00abArchitetto milanese, fanno coppia fissa\u00bb<\/a>&nbsp;&nbsp;Corriere Adriatico<\/li>\n<li><a href=\"https:\/\/news.google.com\/rss\/articles\/CBMiYkFVX3lxTE1VM2o4UzFub2RLWTRtaXN1OWpiQW83WlplTVFpbjJHUDREaWZqMzZfd2JkQ1p6eEk3dGhJMWktUU9KYzk1NnIzckNXV1pydUtNXzJUb2hTT3h5UGozdDlYZjJ30gFnQVVfeXFMT25rQThlZTB6VXZsU2RORFpjQ0VMNkVSNkZUUnpzNndLTzVpR25rTi1XNDBiQk5IcE44QkVZdHRHR1hMU2F1UWV1SG9BaWhoTUFyOWs5NW9aMnJsRTVwUnlvSFBTWXpMaw?oc=5\" target=\"_blank\" rel=\"nofollow noopener\">Chi \u00e8 Stefano Belingardi Clusoni, il \u201cnuovo amore di Belen Rodriguez\u201d<\/a>&nbsp;&nbsp;DiLei<\/li>\n<li><a href=\"https:\/\/news.google.com\/rss\/articles\/CBMipwFBVV95cUxQbE1xLWY3amRxS2VubjJfeWI1dkQzeUx6eXpnN1lhRDRwVWhKanh1eWNibXpPeGJwdG5ycDJuRmd3V1BJRDdCbmdCcXdrS21fMUhjdEV2dURJa0VjUjg0N2N4a09ncW90ZTk4SGpTQmIxVzR3RjdkQzVRM181amQxU0VCWUZuZzZLeWlqcFhoTTFQUjJscWIxYUU2d1hMT043cW1MbTc5ONIBrAFBVV95cUxPdlZxalRKcEcyU1YwTUlpVlFXVXM1T05wQzAwd2NNei0tb3N6NFdhR1g2THd3clp1X01BZF9NN2lxUENkbjlhck81bk44Mzlva1lzbUw5ZW5XbDRidWFmZEE2a1pFN0h1LXFyQVZDczJBbkFLMEdqZWY2MnQxcnQ2NWpXanhfS2FZNktveHN4OGFkQlE4bDB6VGFJcS1RUTNnMVk0c21QMVllakVR?oc=5\" target=\"_blank\" rel=\"nofollow noopener\">Belen, chi \u00e8 il nuovo fidanzato Stefano Belingardi Clusoni e perch\u00e9 \u00e8 famoso in tutto il mondo<\/a>&nbsp;&nbsp;Libero<\/li>\n<li><a href=\"https:\/\/news.google.com\/rss\/articles\/CBMiqgFBVV95cUxOd3RNeVlIZ1NMaUpGcjBIRVduLWU0UmpzMUpCbmcxalJSTXBTRVZFaWx2RTRGQ3ItNE9yejZaQms0b0tuMDBmMWx6Y0pSNlR1OTV5RTNGbklDendYckdUR0NTcjc0VWZQMmc2M0Zna0lMRnczSUxtX1NpWW5sMWhob1pYR3lrV1N0eHoxRE81YmdBVFhxTVFUS2JjNVNPNzA1RjEwUnJxSjRDQQ?oc=5\" target=\"_blank\" rel=\"nofollow noopener\">Chi \u00e8 Stefano Belingardi Clusoni, l&#8217;architetto milanese &#8220;nuova fiamma&#8221; di Belen<\/a>&nbsp;&nbsp;il Giornale<\/li>\n<li><a href=\"https:\/\/news.google.com\/rss\/articles\/CBMiuwFBVV95cUxNVjJqeEdPQW5VMmNSMTVpMU1idmtnemlaM2RnYXlDQ0ZXVlB4S25YSTlZa1FKQUliZXV0bHdXdTlqU1ZZYVJrTjNHV0NKRG1tR0E3QWJsZ3JQNjQ4WWFSZUtka2FGTUJsSjRYNmwxbUxST3ZGallvUW1nYjZfVEpvRHJ4cXk0Y09vX0xsNmVoZXMxbm9uWC1nVXlpek9vaTVpWDhkUmlaMG5RVU9IeUhkbWE0N3VmWDNVVGlR?oc=5\" target=\"_blank\" rel=\"nofollow noopener\">Belen Rodriguez: Chi \u00e8 Stefano Belingardi Clusoni? Et\u00e0, Lavoro, Instagram. Tutto sulla presunta nuova fiamma della showgirl<\/a>&nbsp;&nbsp;ComingSoon.it<\/li>\n<\/ol>\n","protected":false},"excerpt":{"rendered":"Belen Rodriguez, chi \u00e8 il nuovo fidanzato Stefano Belingardi Clusoni: \u00abArchitetto milanese, fanno coppia fissa\u00bb&nbsp;&nbsp;Corriere Adriatico Chi \u00e8&hellip;\n","protected":false},"author":3,"featured_media":117084,"comment_status":"","ping_status":"","sticky":false,"template":"","format":"standard","meta":{"footnotes":""},"categories":[1451],"tags":[1764,1621,1620,203,204,1537,90,89,71526],"class_list":{"0":"post-117083","1":"post","2":"type-post","3":"status-publish","4":"format-standard","5":"has-post-thumbnail","7":"category-celebrita","8":"tag-belen-rodriguez","9":"tag-celebrita","10":"tag-celebrities","11":"tag-entertainment","12":"tag-intrattenimento","13":"tag-it","14":"tag-italia","15":"tag-italy","16":"tag-stefano-belingardi-clusoni"},"share_on_mastodon":{"url":"","error":""},"_links":{"self":[{"href":"https:\/\/www.europesays.com\/it\/wp-json\/wp\/v2\/posts\/117083","targetHints":{"allow":["GET"]}}],"collection":[{"href":"https:\/\/www.europesays.com\/it\/wp-json\/wp\/v2\/posts"}],"about":[{"href":"https:\/\/www.europesays.com\/it\/wp-json\/wp\/v2\/types\/post"}],"author":[{"embeddable":true,"href":"https:\/\/www.europesays.com\/it\/wp-json\/wp\/v2\/users\/3"}],"replies":[{"embeddable":true,"href":"https:\/\/www.europesays.com\/it\/wp-json\/wp\/v2\/comments?post=117083"}],"version-history":[{"count":0,"href":"https:\/\/www.europesays.com\/it\/wp-json\/wp\/v2\/posts\/117083\/revisions"}],"wp:featuredmedia":[{"embeddable":true,"href":"https:\/\/www.europesays.com\/it\/wp-json\/wp\/v2\/media\/117084"}],"wp:attachment":[{"href":"https:\/\/www.europesays.com\/it\/wp-json\/wp\/v2\/media?parent=117083"}],"wp:term":[{"taxonomy":"category","embeddable":true,"href":"https:\/\/www.europesays.com\/it\/wp-json\/wp\/v2\/categories?post=117083"},{"taxonomy":"post_tag","embeddable":true,"href":"https:\/\/www.europesays.com\/it\/wp-json\/wp\/v2\/tags?post=117083"}],"curies":[{"name":"wp","href":"https:\/\/api.w.org\/{rel}","templated":true}]}}