{"id":117093,"date":"2025-09-19T02:08:14","date_gmt":"2025-09-19T02:08:14","guid":{"rendered":"https:\/\/www.europesays.com\/it\/117093\/"},"modified":"2025-09-19T02:08:14","modified_gmt":"2025-09-19T02:08:14","slug":"tananai-e-camihawke-sono-una-coppia-la-conferma-e-le-parole-su-aimone-romizi","status":"publish","type":"post","link":"https:\/\/www.europesays.com\/it\/117093\/","title":{"rendered":"Tananai e Camihawke sono una coppia. La conferma e le parole su Aimone Romizi"},"content":{"rendered":"<p>\u00c8 ufficiale: <strong>Tananai e Camihawke stanno insieme<\/strong>. Il cantante e la celebre content creator sono una coppia, come ha confermato la stessa influencer in un\u2019intervista, confessando di star vivendo un periodo di grande felicit\u00e0. Camilla ha anche parlato della fine della storia con Aimone Romizi, suo compagno per oltre sette anni, svelando qualche dettaglio in pi\u00f9 sulla loro rottura.\n<\/p>\n<p>Tananai e Camihawke, la conferma della storia<\/p>\n<p>\u00c8 da qualche settimana che si parla della relazione tra <a href=\"https:\/\/dilei.it\/star-e-vip\/tananai\/\" rel=\"nofollow noopener\" target=\"_blank\">Tananai<\/a> e <a href=\"https:\/\/dilei.it\/vip\/camilla-boniardi-camihawke-chi\/1844002\/\" rel=\"nofollow noopener\" target=\"_blank\">Camihawke<\/a>:<strong>\u00a0<\/strong>i due pare che si frequentino da qualche mese, ma <a href=\"https:\/\/dilei.it\/vip\/tananai-camihawk-fidanzati-coppia\/1816450\/\" rel=\"nofollow noopener\" target=\"_blank\">i gossip sono esplosi a inizio settembre<\/a>, quando l\u2019influencer aveva pubblicato tra le sue storie di Instagram alcuni video dal concerto dell\u2019artista milanese all\u2019Ippodromo Snai San Siro. Ad alimentare le voci sulla frequentazione ci aveva pensato anche l\u2019esperta di gossip <a href=\"https:\/\/dilei.it\/vip\/deianira-marzano\/573560\/\" rel=\"nofollow noopener\" target=\"_blank\">Deianira Marzano<\/a>, che alle domande sempre pi\u00f9 insistenti dei suoi follower aveva risposto che si, i due stavano insieme.<\/p>\n<p>La conferma adesso \u00e8 arrivata dalla diretta interessata: <strong>Camilla Boniardi<\/strong> \u2013 che sui social si fa chiamare Camihawke \u2013 ha confessato nel corso di un\u2019intervista a\u00a0Fanpage\u00a0di <strong>avere una relazione con Tananai<\/strong>.<\/p>\n<p>\u201cBeh, diciamo che \u00e8 un periodo dove sono molto felice\u201d, ha ammesso ai microfoni del portale. \u201cNon non mi va di raccontare troppo, perch\u00e9 comunque sono argomenti delicati, sono coinvolte persone, per\u00f2 \u00e8 un bel momento, sono felice, sto riacquistando serenit\u00e0. \u00c8 stata una bella scoperta e ovviamente \u00e8 da capire. Per\u00f2 sono felice\u201d.<\/p>\n<p>La content creator per\u00f2 <strong>non ha voluto svelare altri dettagli<\/strong>, spiegando di voler custodire questo legame e di volerlo tenere lontano dai social: \u201cCapisco la curiosit\u00e0 e l\u2019accetto, per\u00f2 chiedo anche di rispettare i limiti di ci\u00f2 che si vuole raccontare, perch\u00e9 penso sia anche importante proteggere alcune cose. <strong>Ho esposto tanto della mia vita per tanti anni, lo rifarei, \u00e8 stato stupendo, per\u00f2 adesso ho un\u2019altra et\u00e0, sono cambiate alcune cose<\/strong>. Ho capito quali sono i pro e i contro di questo tipo di esposizione e forse ho voglia di provare anche a vivere qualcosa pi\u00f9 nel privato. Non c\u2019\u00e8 nessun mistero, semplicemente la mia vita \u00e8 gi\u00e0 molto esposta; se c\u2019\u00e8 una piccola parte che posso tenere pi\u00f9 protetta, perch\u00e9 \u00e8 una parte a cui tengo molto, ci provo\u201d.<\/p>\n<p>Le parole su Aimone Romizi<\/p>\n<p>La storia con Aimone Romizi, cantante e musicista dei Fast Animals and Slow Kids, \u00e8 ormai finita da qualche tempo. <strong>Camihawke non ha mai fatto mistero della rottura con il suo ex,\u00a0<\/strong>ma allo stesso tempo non ha mai comunicato nulla sui social, lasciando intuire ai suoi follower che il loro amore fosse ormai un capitolo chiuso.<\/p>\n<p>\u201c\u00c8 molto difficile riassumere una storia lunga sette anni. <strong>Dopo sette anni non c\u2019\u00e8 mai una vera persona che lascia l\u2019altra<\/strong>: ci sono delle consapevolezze, si acquisiscono delle convinzioni, si fanno dei tentativi. Se i tentativi non riescono a un certo punto ci si guarda, si rispetta l\u2019amore che c\u2019\u00e8 stato e si capisce che forse si fa meglio separandosi che continuando sulla stessa strada. Nel nostro caso non c\u2019\u00e8 stato nessun avvenimento, nessuna goccia che ha fatto traboccare il vaso. \u00c8 stata una un\u2019acquisizione di consapevolezza arrivata nel tempo\u201d, ha raccontato.<\/p>\n<p>Nessuna comunicazione ufficiale per loro: \u201cCi sembrava giusto cos\u00ec, perch\u00e9 non avevamo voglia di speculazioni. A domanda non ho mai fatto mistero, ma non mi va di fare il video in cui riassumo sette anni in 30 minuti e le persone scrollano. Non \u00e8 quella l\u2019importanza che voglio dare a una storia d\u2019amore importante. <strong>\u00c8 finita e nella vita si supera tutto<\/strong>: c\u2019\u00e8 stato il dolore ma la vita \u00e8 cos\u00ec, si va avanti\u201d.<\/p>\n","protected":false},"excerpt":{"rendered":"\u00c8 ufficiale: Tananai e Camihawke stanno insieme. Il cantante e la celebre content creator sono una coppia, come&hellip;\n","protected":false},"author":3,"featured_media":117094,"comment_status":"","ping_status":"","sticky":false,"template":"","format":"standard","meta":{"footnotes":""},"categories":[174],"tags":[203,5208,204,1537,90,89,25597,86],"class_list":{"0":"post-117093","1":"post","2":"type-post","3":"status-publish","4":"format-standard","5":"has-post-thumbnail","7":"category-intrattenimento","8":"tag-entertainment","9":"tag-felicita","10":"tag-intrattenimento","11":"tag-it","12":"tag-italia","13":"tag-italy","14":"tag-tananai","15":"tag-vip"},"share_on_mastodon":{"url":"","error":""},"_links":{"self":[{"href":"https:\/\/www.europesays.com\/it\/wp-json\/wp\/v2\/posts\/117093","targetHints":{"allow":["GET"]}}],"collection":[{"href":"https:\/\/www.europesays.com\/it\/wp-json\/wp\/v2\/posts"}],"about":[{"href":"https:\/\/www.europesays.com\/it\/wp-json\/wp\/v2\/types\/post"}],"author":[{"embeddable":true,"href":"https:\/\/www.europesays.com\/it\/wp-json\/wp\/v2\/users\/3"}],"replies":[{"embeddable":true,"href":"https:\/\/www.europesays.com\/it\/wp-json\/wp\/v2\/comments?post=117093"}],"version-history":[{"count":0,"href":"https:\/\/www.europesays.com\/it\/wp-json\/wp\/v2\/posts\/117093\/revisions"}],"wp:featuredmedia":[{"embeddable":true,"href":"https:\/\/www.europesays.com\/it\/wp-json\/wp\/v2\/media\/117094"}],"wp:attachment":[{"href":"https:\/\/www.europesays.com\/it\/wp-json\/wp\/v2\/media?parent=117093"}],"wp:term":[{"taxonomy":"category","embeddable":true,"href":"https:\/\/www.europesays.com\/it\/wp-json\/wp\/v2\/categories?post=117093"},{"taxonomy":"post_tag","embeddable":true,"href":"https:\/\/www.europesays.com\/it\/wp-json\/wp\/v2\/tags?post=117093"}],"curies":[{"name":"wp","href":"https:\/\/api.w.org\/{rel}","templated":true}]}}