{"id":117551,"date":"2025-09-19T07:55:16","date_gmt":"2025-09-19T07:55:16","guid":{"rendered":"https:\/\/www.europesays.com\/it\/117551\/"},"modified":"2025-09-19T07:55:16","modified_gmt":"2025-09-19T07:55:16","slug":"cairo-il-torino-in-europa-vogliamo-migliorare","status":"publish","type":"post","link":"https:\/\/www.europesays.com\/it\/117551\/","title":{"rendered":"Cairo: &#8220;Il Torino in Europa? Vogliamo migliorare&#8221;"},"content":{"rendered":"<p>                                Il presidente granata: &#8220;Sono fiducioso, domenica con l&#8217;Atalanta sar\u00e0 importante, dobbiamo continuare a lavorare con determinazione&#8221;<\/p>\n<p class=\"paragraph\" spellcheck=\"true\">&#8220;Non ho ricevuto offerte: se arriva qualcuno con risorse importanti e voglia di fare bene posso anche cedere il Torino, non rimango a vita a tutti i costi&#8221;: il presidente granata, Urbano Cairo, ha risposto cos\u00ec sulla possibilit\u00e0 di passare il testimone della societ\u00e0. &#8220;Sono stato accolto come un santo, poi siamo retrocessi e sono stato contestato &#8211; ha detto ai microfoni di Tmw Radio &#8211; ma tanti tifosi sono dalla mia parte, lo vedo quando cammino per strada: ho fatto una campagna acquisti importante, posso ritrovare un bel rapporto&#8221;.\u00a0<\/p>\n<p>    gli obiettivi\u2014 \u00a0<\/p>\n<p class=\"paragraph is-inline\" spellcheck=\"true\">Sugli obiettivi e sulla richiesta dei tifosi di tornare in Europa, Cairo resta con i piedi per terra: &#8220;\u00c8 meglio evitare di fare discorsi o voli pindarici, l&#8217;obiettivo \u00e8 fare meglio degli anni scorsi e poi vedremo come andr\u00e0&#8221; \u00e8 la risposta del patron granata. E sulle prime tre giornate di campionato: &#8220;<a href=\"https:\/\/www.gazzetta.it\/Calcio\/Serie-A\/Inter\/25-08-2025\/inter-torino-5-0-gol-di-bastoni-thuram-lautaro-e-bonny.shtml?intcmp=hyperlink-articolo-gazit\" rel=\"nofollow noopener\" target=\"_blank\">La prima partita contro l&#8217;Inter \u00e8 stata orribile<\/a>, poi ho avuto sensazioni positive soprattutto con <a href=\"https:\/\/www.gazzetta.it\/Calcio\/Serie-A\/Roma\/14-09-2025\/roma-torino-0-1-gol-di-simeone.shtml?intcmp=hyperlink-articolo-gazit\" rel=\"nofollow noopener\" target=\"_blank\">la vittoria di Roma <\/a>&#8211; conclude Cairo &#8211; e sono fiducioso: domenica con l&#8217;Atalanta sar\u00e0 importante, dobbiamo continuare a lavorare con determinazione&#8221;.<\/p>\n","protected":false},"excerpt":{"rendered":"Il presidente granata: &#8220;Sono fiducioso, domenica con l&#8217;Atalanta sar\u00e0 importante, dobbiamo continuare a lavorare con determinazione&#8221; &#8220;Non ho&hellip;\n","protected":false},"author":3,"featured_media":117552,"comment_status":"","ping_status":"","sticky":false,"template":"","format":"standard","meta":{"footnotes":""},"categories":[1452],"tags":[569,80489,80490,7775,721,1365,62355,80491,10799,2149,80492,80493,1740,5197,48,1537,90,89,1739,245,244,6035],"class_list":{"0":"post-117551","1":"post","2":"type-post","3":"status-publish","4":"format-standard","5":"has-post-thumbnail","7":"category-calcio","8":"tag-atalanta","9":"tag-atalanta-importante","10":"tag-atalanta-importante-dobbiamo","11":"tag-cairo","12":"tag-calcio","13":"tag-continuare","14":"tag-continuare-lavorare","15":"tag-continuare-lavorare-determinazione","16":"tag-determinazione","17":"tag-dobbiamo","18":"tag-dobbiamo-continuare","19":"tag-dobbiamo-continuare-lavorare","20":"tag-football","21":"tag-granata","22":"tag-importante","23":"tag-it","24":"tag-italia","25":"tag-italy","26":"tag-soccer","27":"tag-sport","28":"tag-sports","29":"tag-tifosi"},"share_on_mastodon":{"url":"","error":""},"_links":{"self":[{"href":"https:\/\/www.europesays.com\/it\/wp-json\/wp\/v2\/posts\/117551","targetHints":{"allow":["GET"]}}],"collection":[{"href":"https:\/\/www.europesays.com\/it\/wp-json\/wp\/v2\/posts"}],"about":[{"href":"https:\/\/www.europesays.com\/it\/wp-json\/wp\/v2\/types\/post"}],"author":[{"embeddable":true,"href":"https:\/\/www.europesays.com\/it\/wp-json\/wp\/v2\/users\/3"}],"replies":[{"embeddable":true,"href":"https:\/\/www.europesays.com\/it\/wp-json\/wp\/v2\/comments?post=117551"}],"version-history":[{"count":0,"href":"https:\/\/www.europesays.com\/it\/wp-json\/wp\/v2\/posts\/117551\/revisions"}],"wp:featuredmedia":[{"embeddable":true,"href":"https:\/\/www.europesays.com\/it\/wp-json\/wp\/v2\/media\/117552"}],"wp:attachment":[{"href":"https:\/\/www.europesays.com\/it\/wp-json\/wp\/v2\/media?parent=117551"}],"wp:term":[{"taxonomy":"category","embeddable":true,"href":"https:\/\/www.europesays.com\/it\/wp-json\/wp\/v2\/categories?post=117551"},{"taxonomy":"post_tag","embeddable":true,"href":"https:\/\/www.europesays.com\/it\/wp-json\/wp\/v2\/tags?post=117551"}],"curies":[{"name":"wp","href":"https:\/\/api.w.org\/{rel}","templated":true}]}}