{"id":117881,"date":"2025-09-19T11:36:42","date_gmt":"2025-09-19T11:36:42","guid":{"rendered":"https:\/\/www.europesays.com\/it\/117881\/"},"modified":"2025-09-19T11:36:42","modified_gmt":"2025-09-19T11:36:42","slug":"la-vita-di-tolkien-raccontata-in-una-mostra","status":"publish","type":"post","link":"https:\/\/www.europesays.com\/it\/117881\/","title":{"rendered":"La vita di Tolkien raccontata in una mostra"},"content":{"rendered":"<p>\t\t\t\t\t\t\t\t<a href=\"https:\/\/www.europesays.com\/it\/wp-content\/uploads\/2025\/09\/66962832.jpg\" itemprop=\"contentUrl\" data-size=\"1200x800\" data-large=\"https:\/\/www.europesays.com\/it\/wp-content\/uploads\/2025\/09\/66962832.jpg\"><br \/>\n\t\t\t\t\t\t\t\t\t<img decoding=\"async\" src=\"https:\/\/www.europesays.com\/it\/wp-content\/uploads\/2025\/09\/66962832.jpg\" title=\"(Foto: Martegani)\" alt=\"(Foto: Martegani)\"\/><br \/>\n\t\t\t\t\t\t\t\t<\/a><\/p>\n<p>\t\t\t\t\t\t\t\t\t(Foto: Martegani)<\/p>\n<p>Una mostra che permette di conoscere la personalit\u00e0 del creatore della saga della Terra di Mezzo, e  che riserva molte soddisfazioni anche ad appassionati e profondi conoscitori di John Ronald Reuel Tolkien.<\/p>\n<p>\t\t\t\t\t\t\t\t<a href=\"https:\/\/www.europesays.com\/it\/wp-content\/uploads\/2025\/09\/66962839.jpg\" itemprop=\"contentUrl\" data-size=\"1200x800\" data-large=\"https:\/\/www.europesays.com\/it\/wp-content\/uploads\/2025\/09\/66962839.jpg\"><br \/>\n\t\t\t\t\t\t\t\t\t<img decoding=\"async\" src=\"https:\/\/www.europesays.com\/it\/wp-content\/uploads\/2025\/09\/66962839.jpg\" title=\"Da sin. Oronzo Cilli, Claudio Giacomelli, Mario Anzil, Roberto Dipiazza, Alessandro Nicosia e Giorgio Rossi (Foto: Comune di Trieste)\" alt=\"Da sin. Oronzo Cilli, Claudio Giacomelli, Mario Anzil, Roberto Dipiazza, Alessandro Nicosia e Giorgio Rossi (Foto: Comune di Trieste)\"\/><br \/>\n\t\t\t\t\t\t\t\t<\/a><\/p>\n<p>\t\t\t\t\t\t\t\t\tDa sin. Oronzo Cilli, Claudio Giacomelli, Mario Anzil, Roberto Dipiazza, Alessandro Nicosia e Giorgio Rossi (Foto: Comune di Trieste)<\/p>\n<p>Dopo le esposizioni di Roma, Napoli, Torino e Catania, la mostra dedicata a uno degli autori pi\u00f9 letti del pianeta, diventato celebre anche fra i non appassionati grazie al successo planetario dei film firmati da Peter Jackson, concluder\u00e0 il suo percorso a Trieste.<br \/>Gli oggetti e i pannelli esposti nelle sale (oltre mille pezzi) accompagnano i visitatori non tanto a conoscere le opere del professore di Oxford, quanto ad apprezzarne la vita e la personalit\u00e0.<\/p>\n<p>Una sezione \u00e8 dedicata a documenti e oggetti che raccontano la vita da docente e familiare di Tolkien, come il suo ufficio, la sua toga accademica, foto di famiglia e interviste all\u2019autore.<\/p>\n<p>\t\t\t\t\t\t\t\t<a href=\"https:\/\/www.europesays.com\/it\/wp-content\/uploads\/2025\/09\/66962840.jpg\" itemprop=\"contentUrl\" data-size=\"1200x800\" data-large=\"https:\/\/www.europesays.com\/it\/wp-content\/uploads\/2025\/09\/66962840.jpg\"><br \/>\n\t\t\t\t\t\t\t\t\t<img decoding=\"async\" src=\"https:\/\/www.europesays.com\/it\/wp-content\/uploads\/2025\/09\/66962840.jpg\" title=\"Foto: Martegani\" alt=\"Foto: Martegani\"\/><br \/>\n\t\t\t\t\t\t\t\t<\/a><\/p>\n<p>\t\t\t\t\t\t\t\t\tFoto: Martegani<\/p>\n<p>C\u2019\u00e8 spazio anche per raccontare il suo rapporto con l\u2019Italia, il viaggio che fece a Venezia e Assisi, per poi passare alle arti visive ispirate al suo mondo: una galleria di cento opere realizzate da una quarantina di artisti, tutte precedenti all\u2019uscita dei film, che hanno inevitabilmente condizionato tutte le arti grafiche successive.<br \/>D\u2019impatto \u00e8 soprattutto la raccolta dei libri pubblicati in tutto il mondo: ottocento volumi in 51 lingue, raccolti in un unico spazio espositivo, che evidenziano \u2013 come ha detto il curatore della mostra, Oronzo Cilli \u2013 \u201ccome questo autore sia riuscito a unire popoli diversi e a parlare a tutti\u201d. \u201cIl Signore degli Anelli \u00e8 il libro pi\u00f9 venduto al mondo dopo la Bibbia e il Corano \u2013 ha aggiunto \u2013 e dalle copertine si pu\u00f2 notare come ogni popolo interpreti l\u2019autore in modo differente\u201d.<\/p>\n<p>\t\t\t\t\t\t\t\t<a href=\"https:\/\/www.europesays.com\/it\/wp-content\/uploads\/2025\/09\/66962842.jpg\" itemprop=\"contentUrl\" data-size=\"1200x800\" data-large=\"https:\/\/www.europesays.com\/it\/wp-content\/uploads\/2025\/09\/66962842.jpg\"><br \/>\n\t\t\t\t\t\t\t\t\t<img decoding=\"async\" src=\"https:\/\/www.europesays.com\/it\/wp-content\/uploads\/2025\/09\/66962842.jpg\" title=\"Foto: Martegani\" alt=\"Foto: Martegani\"\/><br \/>\n\t\t\t\t\t\t\t\t<\/a><\/p>\n<p>\t\t\t\t\t\t\t\t\tFoto: Martegani<\/p>\n<p>\u201cNelle sale i visitatori \u2013 ha aggiunto \u2013 troveranno un racconto di Tolkien non solo come autore del Signore degli Anelli, ma come uomo: la sua vita e i suoi familiari, i suoi rapporti, le sue amicizie, ma anche l&#8217;accademico e lo scrittore, visto attraverso le sue opere pubblicate. E poi un focus sull&#8217;Italia e un focus sull&#8217;arte\u201d.<br \/>\u201c\u00c8 una mostra aperta a tutti: se si ha anche la voglia di leggere tutta la parte didattica e didascalica si scopriranno tante cose. \u00c8 adatta a tutte le fasce di et\u00e0, perch\u00e9 si raccontano storie che possono interessare bambini, ragazzi, adulti o studiosi interessati all\u2019aspetto accademico\u201d.<\/p>\n<p>\t\t\t\t\t\t\t\t<a href=\"https:\/\/www.europesays.com\/it\/wp-content\/uploads\/2025\/09\/66962841.jpg\" itemprop=\"contentUrl\" data-size=\"1200x800\" data-large=\"https:\/\/www.europesays.com\/it\/wp-content\/uploads\/2025\/09\/66962841.jpg\"><br \/>\n\t\t\t\t\t\t\t\t\t<img decoding=\"async\" src=\"https:\/\/www.europesays.com\/it\/wp-content\/uploads\/2025\/09\/66962841.jpg\" title=\"Foto: Martegani\" alt=\"Foto: Martegani\"\/><br \/>\n\t\t\t\t\t\t\t\t<\/a><\/p>\n<p>\t\t\t\t\t\t\t\t\tFoto: Martegani<\/p>\n<p>La mostra alla sua inaugurazione a Roma aveva mancato di suscitare polemiche: era stata fortemente voluta dall\u2019allora ministro italiano della Cultura Gennaro Sangiuliano, e Tolkien in Italia \u00e8 stato spesso considerato l\u2019autore di riferimento della destra radicale (affascinata dal concetto della battaglia del bene contro il male narrata nella sua saga), nonostante nel corso della sua vita non avesse mai manifestato posizioni politiche nette, se non una sorta di anarchia, soprattutto culturale, una decisa contrariet\u00e0 al regime di Hitler e ai nazisti, e un atteggiamento critico verso il cosmopolitismo e il capitalismo spinto. A riguardo il curatore ha preso le distanze da una lettura politica della mostra. \u201cTolkien in tutto questo dibattito non c\u2019entra assolutamente nulla. Ci si pu\u00f2 definire alla destra di Tolkien o alla sinistra di Tolkien, ma Tolkien era al di sopra, non era coinvolto in queste polemiche, era un autore che scriveva romanzi e non voleva assolutamente che la sua opera potesse essere usata per altri scopi, se non quello del piacere della lettura e di scoprire un mondo secondario\u00bb.<\/p>\n<p>\t\t\t\t\t\t\t\t<a href=\"https:\/\/www.europesays.com\/it\/wp-content\/uploads\/2025\/09\/66962835.jpg\" itemprop=\"contentUrl\" data-size=\"1200x800\" data-large=\"https:\/\/www.europesays.com\/it\/wp-content\/uploads\/2025\/09\/66962835.jpg\"><br \/>\n\t\t\t\t\t\t\t\t\t<img decoding=\"async\" src=\"https:\/\/www.europesays.com\/it\/wp-content\/uploads\/2025\/09\/66962835.jpg\" title=\"Foto: Martegani\" alt=\"Foto: Martegani\"\/><br \/>\n\t\t\t\t\t\t\t\t<\/a><\/p>\n<p>\t\t\t\t\t\t\t\t\tFoto: Martegani<\/p>\n<p>Nel corso della presentazione della mostra, promossa dal Ministero della Cultura italiano e organizzata nel capoluogo giuliano dal Comune di Trieste in collaborazione con la  Regione Friuli Venezia Giulia, Alessandro Nicosia, organizzatore e co-curatore della mostra, ha sottolineato come \u201cTolkien, uomo, professore, autore\u201d, allestita proprio a 50 anni dalla scomparsa dell\u2019autore e dalla prima edizione italiana dell\u2019Hobbit, sia la prima grande mostra di Tolkien in Italia e abbia ottenuto il via libera dalla Tolkien Society di Oxford. \u201cSi tratta \u2013 ha aggiunto \u2013 di un evento che chiude a Trieste con entusiasmo, con l\u2019obiettivo di superare i 300 mila visitatori, che \u2013 ha aggiunto \u2013 per una mostra dedicata a uno scrittore non \u00e8 cosa da poco\u201d.<\/p>\n<p><strong>Alessandro Martegani<\/strong><\/p>\n<p>\t\t\t\t\t\t\t\t<a href=\"https:\/\/www.europesays.com\/it\/wp-content\/uploads\/2025\/09\/66962833.jpg\" itemprop=\"contentUrl\" data-size=\"1200x800\" data-large=\"https:\/\/www.europesays.com\/it\/wp-content\/uploads\/2025\/09\/66962833.jpg\"><br \/>\n\t\t\t\t\t\t\t\t\t<img decoding=\"async\" src=\"https:\/\/www.europesays.com\/it\/wp-content\/uploads\/2025\/09\/66962833.jpg\" title=\"Foto: Martegani\" alt=\"Foto: Martegani\"\/><br \/>\n\t\t\t\t\t\t\t\t<\/a><\/p>\n<p>\t\t\t\t\t\t\t\t\tFoto: Martegani<\/p>\n","protected":false},"excerpt":{"rendered":"(Foto: Martegani) Una mostra che permette di conoscere la personalit\u00e0 del creatore della saga della Terra di Mezzo,&hellip;\n","protected":false},"author":3,"featured_media":117882,"comment_status":"","ping_status":"","sticky":false,"template":"","format":"standard","meta":{"footnotes":""},"categories":[1445],"tags":[1608,203,204,1537,90,89,1609,632,80628,59073,6687],"class_list":{"0":"post-117881","1":"post","2":"type-post","3":"status-publish","4":"format-standard","5":"has-post-thumbnail","7":"category-libri","8":"tag-books","9":"tag-entertainment","10":"tag-intrattenimento","11":"tag-it","12":"tag-italia","13":"tag-italy","14":"tag-libri","15":"tag-mostra","16":"tag-terra-di-mezzo","17":"tag-tolkien","18":"tag-trieste"},"share_on_mastodon":{"url":"","error":""},"_links":{"self":[{"href":"https:\/\/www.europesays.com\/it\/wp-json\/wp\/v2\/posts\/117881","targetHints":{"allow":["GET"]}}],"collection":[{"href":"https:\/\/www.europesays.com\/it\/wp-json\/wp\/v2\/posts"}],"about":[{"href":"https:\/\/www.europesays.com\/it\/wp-json\/wp\/v2\/types\/post"}],"author":[{"embeddable":true,"href":"https:\/\/www.europesays.com\/it\/wp-json\/wp\/v2\/users\/3"}],"replies":[{"embeddable":true,"href":"https:\/\/www.europesays.com\/it\/wp-json\/wp\/v2\/comments?post=117881"}],"version-history":[{"count":0,"href":"https:\/\/www.europesays.com\/it\/wp-json\/wp\/v2\/posts\/117881\/revisions"}],"wp:featuredmedia":[{"embeddable":true,"href":"https:\/\/www.europesays.com\/it\/wp-json\/wp\/v2\/media\/117882"}],"wp:attachment":[{"href":"https:\/\/www.europesays.com\/it\/wp-json\/wp\/v2\/media?parent=117881"}],"wp:term":[{"taxonomy":"category","embeddable":true,"href":"https:\/\/www.europesays.com\/it\/wp-json\/wp\/v2\/categories?post=117881"},{"taxonomy":"post_tag","embeddable":true,"href":"https:\/\/www.europesays.com\/it\/wp-json\/wp\/v2\/tags?post=117881"}],"curies":[{"name":"wp","href":"https:\/\/api.w.org\/{rel}","templated":true}]}}