{"id":117921,"date":"2025-09-19T12:00:10","date_gmt":"2025-09-19T12:00:10","guid":{"rendered":"https:\/\/www.europesays.com\/it\/117921\/"},"modified":"2025-09-19T12:00:10","modified_gmt":"2025-09-19T12:00:10","slug":"quale-futuro-per-ausilio-chi-lui-e-monica-bertini-hanno-deciso-si","status":"publish","type":"post","link":"https:\/\/www.europesays.com\/it\/117921\/","title":{"rendered":"Quale futuro per Ausilio? Chi: &#8220;Lui e Monica Bertini hanno deciso si&#8230;&#8221;"},"content":{"rendered":"<p>Monica Bertini \u00e8 alla guida di Pressing insieme ad Alberto Brandi. La conduttrice televisiva \u00e8 molto amata ma anche riservata<\/p>\n<p>Monica Bertini \u00e8 alla guida di Pressing insieme ad Alberto Brandi. La conduttrice televisiva \u00e8 molto amata e anche sui social ha moltissimi follower affezionati. Per quanto riguarda la vita privata Monica \u00e8 sempre stata molto riservata: <strong><a href=\"https:\/\/www.golssip.it\/gossip\/calcio\/indiscrezione-chi-amore-riservato-bertini-ausilio-breve\/\" rel=\"nofollow noopener\" target=\"_blank\">CONTINUA A LEGGERE<\/a><\/strong><\/p>\n<p class=\"is-copyright\">\u00a9 RIPRODUZIONE RISERVATA<\/p>\n","protected":false},"excerpt":{"rendered":"Monica Bertini \u00e8 alla guida di Pressing insieme ad Alberto Brandi. La conduttrice televisiva \u00e8 molto amata ma&hellip;\n","protected":false},"author":3,"featured_media":117922,"comment_status":"","ping_status":"","sticky":false,"template":"","format":"standard","meta":{"footnotes":"","_share_on_mastodon":"0"},"categories":[1452],"tags":[1493,58406,721,1740,1537,90,89,605,35987,1739,245,244],"class_list":["post-117921","post","type-post","status-publish","format-standard","has-post-thumbnail","category-calcio","tag-alberto","tag-bertini","tag-calcio","tag-football","tag-it","tag-italia","tag-italy","tag-monica","tag-monica-bertini","tag-soccer","tag-sport","tag-sports"],"share_on_mastodon":{"url":"","error":""},"_links":{"self":[{"href":"https:\/\/www.europesays.com\/it\/wp-json\/wp\/v2\/posts\/117921","targetHints":{"allow":["GET"]}}],"collection":[{"href":"https:\/\/www.europesays.com\/it\/wp-json\/wp\/v2\/posts"}],"about":[{"href":"https:\/\/www.europesays.com\/it\/wp-json\/wp\/v2\/types\/post"}],"author":[{"embeddable":true,"href":"https:\/\/www.europesays.com\/it\/wp-json\/wp\/v2\/users\/3"}],"replies":[{"embeddable":true,"href":"https:\/\/www.europesays.com\/it\/wp-json\/wp\/v2\/comments?post=117921"}],"version-history":[{"count":0,"href":"https:\/\/www.europesays.com\/it\/wp-json\/wp\/v2\/posts\/117921\/revisions"}],"wp:featuredmedia":[{"embeddable":true,"href":"https:\/\/www.europesays.com\/it\/wp-json\/wp\/v2\/media\/117922"}],"wp:attachment":[{"href":"https:\/\/www.europesays.com\/it\/wp-json\/wp\/v2\/media?parent=117921"}],"wp:term":[{"taxonomy":"category","embeddable":true,"href":"https:\/\/www.europesays.com\/it\/wp-json\/wp\/v2\/categories?post=117921"},{"taxonomy":"post_tag","embeddable":true,"href":"https:\/\/www.europesays.com\/it\/wp-json\/wp\/v2\/tags?post=117921"}],"curies":[{"name":"wp","href":"https:\/\/api.w.org\/{rel}","templated":true}]}}