{"id":117994,"date":"2025-09-19T12:47:10","date_gmt":"2025-09-19T12:47:10","guid":{"rendered":"https:\/\/www.europesays.com\/it\/117994\/"},"modified":"2025-09-19T12:47:10","modified_gmt":"2025-09-19T12:47:10","slug":"eloisa-coiro-si-distingue-sugli-800-ai-mondiali-ma-sfuma-il-ripescaggio-per-la-finale-hodgkinson-favorita","status":"publish","type":"post","link":"https:\/\/www.europesays.com\/it\/117994\/","title":{"rendered":"Eloisa Coiro si distingue sugli 800 ai Mondiali, ma sfuma il ripescaggio per la finale. Hodgkinson favorita"},"content":{"rendered":"<p><strong>Eloisa Coiro ha ben figurato nelle semifinali degli 800 metri ai Mondiali<\/strong> 2025 di atletica. La 24enne romana ha corso senza paura, interpretando la propria serie in maniera splendida:<strong> \u00e8 partita con aggressivit\u00e0, ha tenuto la seconda posizione facendo a gomitat<\/strong>e con la francese R\u00e9nelle Lamote, \u00e8 transitata in quarta piazza al suono della campana e poi <strong>nel secondo giro si \u00e8 messa in mostra con grande maestria. <\/strong><\/p>\n<p>In quel frangente l\u2019allieva di Emilio De Bonis, che raggiunse la semifinale ai Mondiali 2023 e che in stagione ha siglato il proprio personale (1:58.64 a Rabat il 25 maggio), ha tenuto bene la corda e in ingresso sul rettilineo <strong>si \u00e8 scatenata, operando un doppio sorpasso<\/strong> ai danni dell\u2019australiana Claudia Hollingsworth e della giamaicana Natoya Goule-Toppin. La nostra portacolori ha <strong>chiuso al terzo posto con il crono di 1:59.19<\/strong>, alle spalle delle due grandi favorite di quella semifinale, ovvero la keniana <strong>Mary Moraa<\/strong> (1:58.40 per la detentrice del titolo iridato) e la britannica<strong> Georgia Hunter-Bell<\/strong> (1:58.62 per il bronzo olimpico dei 1500 metri).<\/p>\n<p>Le prime due classificate accedevano all\u2019atto conclusivo, dunque<strong> Eloisa Coiro ha dovuto aspettare l\u2019esito delle altre due semifinali, sperando di usufruire di uno dei due tempi di ripescaggio.<\/strong> Purtroppo il sogno si \u00e8 gi\u00e0 spento dopo la seconda semifinale, dove la keniana Lilian Odira ha prevalso in 1:56.85 davanti alla svizzera Audrey Werro (1:56.99), all\u2019australiana Jessica Hull (1:57.15, record oceanico) e alla statunitense Sage Hurta-Klecker (1:57.62), entrambe ripescate.<strong> Nella terza semifinale \u00e8 emersa la semifinale della britannica Keely Hodgkinson,<\/strong> grande favorita della vigilia che ha chiuso in 1:57.53 davanti alla keniana Sarah Moraa (1:57.53)<\/p>\n","protected":false},"excerpt":{"rendered":"Eloisa Coiro ha ben figurato nelle semifinali degli 800 metri ai Mondiali 2025 di atletica. La 24enne romana&hellip;\n","protected":false},"author":3,"featured_media":117995,"comment_status":"","ping_status":"","sticky":false,"template":"","format":"standard","meta":{"footnotes":""},"categories":[1474],"tags":[79935,1537,90,89,39056,245,244,1869],"class_list":{"0":"post-117994","1":"post","2":"type-post","3":"status-publish","4":"format-standard","5":"has-post-thumbnail","7":"category-volley","8":"tag-eloisa-coiro","9":"tag-it","10":"tag-italia","11":"tag-italy","12":"tag-mondiali-atletica-2025","13":"tag-sport","14":"tag-sports","15":"tag-volley"},"share_on_mastodon":{"url":"","error":""},"_links":{"self":[{"href":"https:\/\/www.europesays.com\/it\/wp-json\/wp\/v2\/posts\/117994","targetHints":{"allow":["GET"]}}],"collection":[{"href":"https:\/\/www.europesays.com\/it\/wp-json\/wp\/v2\/posts"}],"about":[{"href":"https:\/\/www.europesays.com\/it\/wp-json\/wp\/v2\/types\/post"}],"author":[{"embeddable":true,"href":"https:\/\/www.europesays.com\/it\/wp-json\/wp\/v2\/users\/3"}],"replies":[{"embeddable":true,"href":"https:\/\/www.europesays.com\/it\/wp-json\/wp\/v2\/comments?post=117994"}],"version-history":[{"count":0,"href":"https:\/\/www.europesays.com\/it\/wp-json\/wp\/v2\/posts\/117994\/revisions"}],"wp:featuredmedia":[{"embeddable":true,"href":"https:\/\/www.europesays.com\/it\/wp-json\/wp\/v2\/media\/117995"}],"wp:attachment":[{"href":"https:\/\/www.europesays.com\/it\/wp-json\/wp\/v2\/media?parent=117994"}],"wp:term":[{"taxonomy":"category","embeddable":true,"href":"https:\/\/www.europesays.com\/it\/wp-json\/wp\/v2\/categories?post=117994"},{"taxonomy":"post_tag","embeddable":true,"href":"https:\/\/www.europesays.com\/it\/wp-json\/wp\/v2\/tags?post=117994"}],"curies":[{"name":"wp","href":"https:\/\/api.w.org\/{rel}","templated":true}]}}