{"id":118033,"date":"2025-09-19T13:13:08","date_gmt":"2025-09-19T13:13:08","guid":{"rendered":"https:\/\/www.europesays.com\/it\/118033\/"},"modified":"2025-09-19T13:13:08","modified_gmt":"2025-09-19T13:13:08","slug":"golf-armitage-conduce-allopen-di-francia-tanta-italia-nelle-prime-posizioni","status":"publish","type":"post","link":"https:\/\/www.europesays.com\/it\/118033\/","title":{"rendered":"Golf, Armitage conduce all&#8217;Open di Francia. Tanta Italia nelle prime posizioni"},"content":{"rendered":"<p>Al Golf de Saint-Nom-La-Bret\u00e8che, in Francia, ormai in archivio la prima giornata dell\u2019ultimo appuntamento del Dp World Tour prima della Ryder Cup della prossima settimana. Il pi\u00f9 importante circuito europeo vede guidare la classifica con un ottimo -7 di giornata il britannico Marcus Armitage. Il 38enne, con una vittoria all\u2019attivo sul Tour maggiore, ha chiuso con 2 colpi di vantaggio le prime 18 buche davanti all\u2019australiano Min Woo Lee e al francese Julien Guerrier, fermi a -5 (66 colpi). Uno score, quello dell\u2019inglese, sporcato solamente alla 3 e alla 17 da due bogey (sono 9 in totale i birdie messi a segno da Armitage durante il primo round).<\/p>\n<p>Seguono a ruota a -4 gli svedesi Marcus Kinhult e Jens Dantorp, il francese Ugo Coussaud, il tedesco Maximilian Kiefer, il britannico Sam Bairstow, lo spagnolo Jorge Campillo e il nipponico Keita Nakajima (2 secondi posti di fila per lui in stagione all\u2019Hero Indian Open e al Singapore Classic). Bene anche 3 degli italiani in campo questa settimana per l\u2019Open di Francia. Gregorio De Leo, Guido Migliozzi e Francesco Laporta si trovano, infatti, in T11 a -3 insieme a giocatori del calibro di Casey Jarvis e Antoine Rozner. Per De Leo una carta che lo ha visto protagonista sulle prime 9 buche con 4 birdie e un solo bogey sulle seconde. Per quanto riguarda Migliozzi, invece, il bogey iniziale alla 4 \u00e8 stato scongiurato subito da un bellissimo eagle alla 6 e due birdie alla 8 e alla 9. Il pugliese, invece, pi\u00f9 costante:due birdie sulle prime e due sulle seconde con un solo bogey alle 13.<\/p>\n<p>T114 per l\u2019ultimo azzurro in gara questa settimana, Andrea Pavan. Il golfista romano ha chiuso con un netto +2 che lo ha rifilato nelle retrovie del leaderboard. Partito con un birdie sulle prime e 8 par, ha pagato dazio sulle seconde 9 dove ha siglato 3 bogey. Il margine per rientrare nella giornata di domani c\u2019\u00e8 tutto. Il taglio, in questo momento, dovrebbe ricadere pi\u00f9 o meno intorno al -1. Il torneo, che mette in palio 3,25 milioni di dollari e 5.000 punti per la Race to Dubai, \u00e8 il 5\u00b0 appuntamento dello swing \u201cback 9\u201d. Dopo lo stop per la Ryder Cup si riprender\u00e0 con l\u2019Alfred Dunhill Championship, l\u2019Open di Spagna, il Dp World India Championship e il Genesis Championship in Corea del Sud.<\/p>\n","protected":false},"excerpt":{"rendered":"Al Golf de Saint-Nom-La-Bret\u00e8che, in Francia, ormai in archivio la prima giornata dell\u2019ultimo appuntamento del Dp World Tour&hellip;\n","protected":false},"author":3,"featured_media":118034,"comment_status":"","ping_status":"","sticky":false,"template":"","format":"standard","meta":{"footnotes":""},"categories":[1475],"tags":[41185,8218,8219,35782,1933,35783,8221,1537,90,89,80649,80650,80651,245,244],"class_list":{"0":"post-118033","1":"post","2":"type-post","3":"status-publish","4":"format-standard","5":"has-post-thumbnail","7":"category-golf","8":"tag-andrea-pavan","9":"tag-dp-world-tour","10":"tag-dp-world-tour-2025","11":"tag-francesco-laporta","12":"tag-golf","13":"tag-gregorio-de-leo","14":"tag-guido-migliozzi","15":"tag-it","16":"tag-italia","17":"tag-italy","18":"tag-marcus-armitage","19":"tag-min-woo-lee","20":"tag-open-di-francia","21":"tag-sport","22":"tag-sports"},"share_on_mastodon":{"url":"","error":""},"_links":{"self":[{"href":"https:\/\/www.europesays.com\/it\/wp-json\/wp\/v2\/posts\/118033","targetHints":{"allow":["GET"]}}],"collection":[{"href":"https:\/\/www.europesays.com\/it\/wp-json\/wp\/v2\/posts"}],"about":[{"href":"https:\/\/www.europesays.com\/it\/wp-json\/wp\/v2\/types\/post"}],"author":[{"embeddable":true,"href":"https:\/\/www.europesays.com\/it\/wp-json\/wp\/v2\/users\/3"}],"replies":[{"embeddable":true,"href":"https:\/\/www.europesays.com\/it\/wp-json\/wp\/v2\/comments?post=118033"}],"version-history":[{"count":0,"href":"https:\/\/www.europesays.com\/it\/wp-json\/wp\/v2\/posts\/118033\/revisions"}],"wp:featuredmedia":[{"embeddable":true,"href":"https:\/\/www.europesays.com\/it\/wp-json\/wp\/v2\/media\/118034"}],"wp:attachment":[{"href":"https:\/\/www.europesays.com\/it\/wp-json\/wp\/v2\/media?parent=118033"}],"wp:term":[{"taxonomy":"category","embeddable":true,"href":"https:\/\/www.europesays.com\/it\/wp-json\/wp\/v2\/categories?post=118033"},{"taxonomy":"post_tag","embeddable":true,"href":"https:\/\/www.europesays.com\/it\/wp-json\/wp\/v2\/tags?post=118033"}],"curies":[{"name":"wp","href":"https:\/\/api.w.org\/{rel}","templated":true}]}}