{"id":118184,"date":"2025-09-19T14:55:08","date_gmt":"2025-09-19T14:55:08","guid":{"rendered":"https:\/\/www.europesays.com\/it\/118184\/"},"modified":"2025-09-19T14:55:08","modified_gmt":"2025-09-19T14:55:08","slug":"a-berlino-migliaia-di-persone-sono-tornate-nelle-proprie-case-dopo-essere-state-evacuate-per-il-ritrovamento-di-una-bomba-della-seconda-guerra-mondiale","status":"publish","type":"post","link":"https:\/\/www.europesays.com\/it\/118184\/","title":{"rendered":"A Berlino migliaia di persone sono tornate nelle proprie case dopo essere state evacuate per il ritrovamento di una bomba della Seconda guerra mondiale"},"content":{"rendered":"<p>Migliaia di persone <a href=\"https:\/\/www.dw.com\/en\/germany-thousands-evacuated-in-berlin-after-wwii-bomb-find\/a-74053192\" rel=\"nofollow noopener\" target=\"_blank\">che erano state evacuate<\/a> gioved\u00ec sera da una zona del centro di Berlino a causa del ritrovamento di una bomba inesplosa della Seconda guerra mondiale <a href=\"https:\/\/x.com\/polizeiberlin\/status\/1968921315340943670\" rel=\"nofollow\">sono potute ritornare<\/a> nelle proprie case. La polizia cittadina ha detto che la bomba non costituisce un pericolo e non deve essere disinnescata.<\/p>\n<p>La bomba si trova a quattro metri di profondit\u00e0 nel fiume Sprea, nella zona pi\u00f9 centrale della citt\u00e0. L\u2019area soggetta a evacuazione era quella nel raggio di 500 metri dal ritrovamento: \u00e8 una zona densamente popolata e ospita diverse ambasciate e alcuni uffici dell\u2019amministrazione comunale. C\u2019erano stati problemi anche per i trasporti pubblici. La polizia ha detto che non \u00e8 ancora stato possibile capire l\u2019origine della bomba, pur confermando che risale agli anni della Seconda guerra mondiale. Venerd\u00ec mattina un\u2019altra bomba inesplosa della Seconda guerra mondiale \u00e8 stata <a href=\"https:\/\/www.berlin.de\/en\/news\/9905992-5559700-aerial-bomb-found-during-construction-wo.en.html\" rel=\"nofollow noopener\" target=\"_blank\">disinnescata con successo<\/a>. L\u2019operazione aveva causato l\u2019evacuazione temporanea di 12.400 persone.<\/p>\n<p>Il quotidiano berlinese Tagesspiegel ha scritto che gioved\u00ec sera si erano formate lunghe code presso un rifugio di emergenza, dove alcune persone evacuate hanno potuto trascorrere la notte. Un secondo rifugio presso una scuola vicina \u00e8 stato inoltre aperto poco dopo mezzanotte per accogliere l\u2019elevato numero di persone che non avevano trovato accoglienza nel primo.<\/p>\n","protected":false},"excerpt":{"rendered":"Migliaia di persone che erano state evacuate gioved\u00ec sera da una zona del centro di Berlino a causa&hellip;\n","protected":false},"author":3,"featured_media":118185,"comment_status":"","ping_status":"","sticky":false,"template":"","format":"standard","meta":{"footnotes":""},"categories":[160],"tags":[14,164,165,166,7,15,11,167,12,168,161,162,163],"class_list":{"0":"post-118184","1":"post","2":"type-post","3":"status-publish","4":"format-standard","5":"has-post-thumbnail","7":"category-mondo","8":"tag-cronaca","9":"tag-dal-mondo","10":"tag-dalmondo","11":"tag-mondo","12":"tag-news","13":"tag-notizie","14":"tag-ultime-notizie","15":"tag-ultime-notizie-di-mondo","16":"tag-ultimenotizie","17":"tag-ultimenotiziedimondo","18":"tag-world","19":"tag-world-news","20":"tag-worldnews"},"share_on_mastodon":{"url":"","error":""},"_links":{"self":[{"href":"https:\/\/www.europesays.com\/it\/wp-json\/wp\/v2\/posts\/118184","targetHints":{"allow":["GET"]}}],"collection":[{"href":"https:\/\/www.europesays.com\/it\/wp-json\/wp\/v2\/posts"}],"about":[{"href":"https:\/\/www.europesays.com\/it\/wp-json\/wp\/v2\/types\/post"}],"author":[{"embeddable":true,"href":"https:\/\/www.europesays.com\/it\/wp-json\/wp\/v2\/users\/3"}],"replies":[{"embeddable":true,"href":"https:\/\/www.europesays.com\/it\/wp-json\/wp\/v2\/comments?post=118184"}],"version-history":[{"count":0,"href":"https:\/\/www.europesays.com\/it\/wp-json\/wp\/v2\/posts\/118184\/revisions"}],"wp:featuredmedia":[{"embeddable":true,"href":"https:\/\/www.europesays.com\/it\/wp-json\/wp\/v2\/media\/118185"}],"wp:attachment":[{"href":"https:\/\/www.europesays.com\/it\/wp-json\/wp\/v2\/media?parent=118184"}],"wp:term":[{"taxonomy":"category","embeddable":true,"href":"https:\/\/www.europesays.com\/it\/wp-json\/wp\/v2\/categories?post=118184"},{"taxonomy":"post_tag","embeddable":true,"href":"https:\/\/www.europesays.com\/it\/wp-json\/wp\/v2\/tags?post=118184"}],"curies":[{"name":"wp","href":"https:\/\/api.w.org\/{rel}","templated":true}]}}