{"id":118242,"date":"2025-09-19T15:33:10","date_gmt":"2025-09-19T15:33:10","guid":{"rendered":"https:\/\/www.europesays.com\/it\/118242\/"},"modified":"2025-09-19T15:33:10","modified_gmt":"2025-09-19T15:33:10","slug":"chi-fara-la-cronometro-elite-ai-mondiali-di-ciclismo-per-litalia-assente-filippo-ganna","status":"publish","type":"post","link":"https:\/\/www.europesays.com\/it\/118242\/","title":{"rendered":"Chi far\u00e0 la cronometro Elite ai Mondiali di ciclismo per l&#8217;Italia? Assente Filippo Ganna"},"content":{"rendered":"<p>Manca sempre meno all\u2019inizio dei <strong>Campionati Mondiali di ciclismo su strada 2025<\/strong>. Quest\u2019anno la rassegna iridata si svolger\u00e0 per la prima volta in terra africana, pi\u00f9 precisamente in Ruanda nella settimana dal 21 al 28 settembre. I primi titoli verranno assegnati gi\u00e0 nella giornata di domenica, con in programma le <strong>cronometro Elite maschili e femminili<\/strong>.<\/p>\n<p>Sar\u00e0 una prova contro le lancette molto dura quella che i corridori affronteranno nei pressi di Kigali. 40,6 chilometri totali e varie salite impegnative, di cui l\u2019ultima (C\u00f4te de Kimihurura) interamente in pav\u00e9. Tracciato quindi non adatto agli specialisti puri che potr\u00e0 riservare diverse sorprese. In casa Italia il grande<strong> assente<\/strong> sar\u00e0 ovviamente <strong>Filippo Ganna<\/strong>.<\/p>\n<p>Il 29enne di Verbania, due volte campione del mondo a cronometro (2020,2021) ed argento nel 2024, aveva gi\u00e0 annunciato la sua assenza per motivi di percorso e continuer\u00e0 cos\u00ec la sua preparazione in vista degli Europei. In mancanza della punta di diamante italiana la scelta del CT Marco Villa \u00e8 ricaduta su<strong> Matteo Sobrero<\/strong> e <strong>Mattia Cattaneo<\/strong>.<\/p>\n<p>Saranno loro gli azzurri che si cimenteranno nella durissima cronometro Mondiale, senza ambizioni di medaglie ma alla ricerca comunque di un buon risultato. I due, gi\u00e0 medagliati nelle staffette miste iridate delle edizioni precedenti, hanno dimostrato quest\u2019anno un discreto rendimento nelle prove contro le lancette e cercheranno di rendere meno amara all\u2019Italia l\u2019assenza di Filippo Ganna nella cronometro di domenica 21.<\/p>\n","protected":false},"excerpt":{"rendered":"Manca sempre meno all\u2019inizio dei Campionati Mondiali di ciclismo su strada 2025. Quest\u2019anno la rassegna iridata si svolger\u00e0&hellip;\n","protected":false},"author":3,"featured_media":118243,"comment_status":"","ping_status":"","sticky":false,"template":"","format":"standard","meta":{"footnotes":""},"categories":[1456],"tags":[1824,1825,1537,90,89,24053,68822,17814,245,244],"class_list":{"0":"post-118242","1":"post","2":"type-post","3":"status-publish","4":"format-standard","5":"has-post-thumbnail","7":"category-ciclismo","8":"tag-ciclismo","9":"tag-cycling","10":"tag-it","11":"tag-italia","12":"tag-italy","13":"tag-matteo-sobrero","14":"tag-mattia-cattaneo","15":"tag-mondiali-ciclismo-2025","16":"tag-sport","17":"tag-sports"},"share_on_mastodon":{"url":"","error":""},"_links":{"self":[{"href":"https:\/\/www.europesays.com\/it\/wp-json\/wp\/v2\/posts\/118242","targetHints":{"allow":["GET"]}}],"collection":[{"href":"https:\/\/www.europesays.com\/it\/wp-json\/wp\/v2\/posts"}],"about":[{"href":"https:\/\/www.europesays.com\/it\/wp-json\/wp\/v2\/types\/post"}],"author":[{"embeddable":true,"href":"https:\/\/www.europesays.com\/it\/wp-json\/wp\/v2\/users\/3"}],"replies":[{"embeddable":true,"href":"https:\/\/www.europesays.com\/it\/wp-json\/wp\/v2\/comments?post=118242"}],"version-history":[{"count":0,"href":"https:\/\/www.europesays.com\/it\/wp-json\/wp\/v2\/posts\/118242\/revisions"}],"wp:featuredmedia":[{"embeddable":true,"href":"https:\/\/www.europesays.com\/it\/wp-json\/wp\/v2\/media\/118243"}],"wp:attachment":[{"href":"https:\/\/www.europesays.com\/it\/wp-json\/wp\/v2\/media?parent=118242"}],"wp:term":[{"taxonomy":"category","embeddable":true,"href":"https:\/\/www.europesays.com\/it\/wp-json\/wp\/v2\/categories?post=118242"},{"taxonomy":"post_tag","embeddable":true,"href":"https:\/\/www.europesays.com\/it\/wp-json\/wp\/v2\/tags?post=118242"}],"curies":[{"name":"wp","href":"https:\/\/api.w.org\/{rel}","templated":true}]}}