{"id":118472,"date":"2025-09-19T18:02:10","date_gmt":"2025-09-19T18:02:10","guid":{"rendered":"https:\/\/www.europesays.com\/it\/118472\/"},"modified":"2025-09-19T18:02:10","modified_gmt":"2025-09-19T18:02:10","slug":"alfa-romeo-tonale-my26-cambiera-solo-il-frontale-o-ci-nascondono-dellaltro","status":"publish","type":"post","link":"https:\/\/www.europesays.com\/it\/118472\/","title":{"rendered":"Alfa Romeo Tonale MY26: cambier\u00e0 solo il frontale o ci nascondono dell&#8217;altro?"},"content":{"rendered":"<p><strong>Alfa Romeo Tonale MY26<\/strong> \u00e8 l\u2019attesa versione aggiornata del SUV di segmento c uscito sul mercato nel 2022 e che sembra ormai prossimo al primo aggiornamento della sua carriera. Il debutto dovrebbe avvenire tra la fine del 2025 e i primi mesi del <strong>2026.<\/strong> Sul web gi\u00e0 sono apparse in diverse occasioni numerose foto spia del prototipo camuffato con vistose coperture in particolare nella parte anteriore del modello.<\/p>\n<p>Cos\u2019altro cambier\u00e0 oltre al frontale con Alfa Romeo Tonale MY26?<\/p>\n<p>Proprio quella dovrebbe essere la parte che subir\u00e0 i cambiamenti pi\u00f9 importanti per quanto riguarda Alfa Romeo Tonale MY26, probabilmente anche per rendere il modello pi\u00f9 in sintonia con il resto della gamma per gli anni di carriera che gli restano che secondo alcuni non sarebbero poi cos\u00ec tanti dato che dal 2027 o al massimo dal 2028<strong><a href=\"https:\/\/www.clubalfa.it\/556276-alfa-romeo-ad-inizio-2026-novita-importanti-sulla-vettura-che-sara-prodotta-a-melfi\" rel=\"nofollow noopener\" target=\"_blank\"> a Melfi potrebbe arrivare la sua erede<\/a><\/strong> che forse per\u00f2 avr\u00e0 un nome nuovo. <\/p>\n<p><a href=\"https:\/\/www.europesays.com\/it\/wp-content\/uploads\/2025\/09\/Tonale_AUTOPARERI.jpg\"><img loading=\"lazy\" decoding=\"async\" width=\"1084\" height=\"1267\" src=\"https:\/\/www.europesays.com\/it\/wp-content\/uploads\/2025\/09\/Tonale_AUTOPARERI.jpg\" alt=\"Alfa Romeo Tonale Restyling\" class=\"wp-image-553405\"  \/><\/a>Foto, Forum Autopareri<\/p>\n<p>Quello che per\u00f2 molti si domandano in questo momento tra i fan della casa automobilistica del biscione \u00e8 se davvero questo atteso aggiornamento che arriver\u00e0 con Alfa Romeo Tonale MY26 si limiter\u00e0 davvero solo al frontale e a poco altro o se quelli di <strong><a href=\"https:\/\/www.clubalfa.it\/news-alfa-romeo\" rel=\"nofollow noopener\" target=\"_blank\">Alfa Romeo<\/a><\/strong> non sono stati bravi a nasconderci che con questo aggiornamento ci sar\u00e0 anche dell\u2019altro. Ci riferiamo a qualche altra novit\u00e0 inattesa che potrebbe contribuire a rendere il SUV pi\u00f9 appetibile sul mercato nei prossimi anni. Ci riferiamo qualcosa tipo a un allestimento particolare, ad un aggiornamento importante ad uno dei motori o a qualche edizione speciale da far debuttare insieme al MY26.<\/p>\n<p><a href=\"https:\/\/www.clubalfa.it\/wp-content\/uploads\/2025\/08\/Alfa-Romeo-Tonale-MY-2026.jpg\" rel=\"nofollow noopener\" target=\"_blank\"><img loading=\"lazy\" decoding=\"async\" width=\"1300\" height=\"858\" src=\"https:\/\/www.europesays.com\/it\/wp-content\/uploads\/2025\/09\/Alfa-Romeo-Tonale-MY-2026-1300x858.jpg\" alt=\"Alfa Romeo Tonale MY 2026\" class=\"wp-image-551347\"  \/><\/a><\/p>\n<p>L\u2019attesa per l\u2019anteprima sta per terminare: entro la fine dell\u2019anno la vettura sar\u00e0 finalmente presentata. Le novit\u00e0 estetiche pi\u00f9 evidenti, come vi abbiamo appena accennato, riguarderanno principalmente la parte anteriore e posteriore. <\/p>\n<p>Il design del frontale sar\u00e0 aggiornato, mentre la coda presenter\u00e0 paraurti rivisitati e nuovi terminali di scarico a vista, a testimonianza della confermata presenza della versione plug-in hybrid. Questi dettagli non solo aggiornano l\u2019aspetto complessivo dell\u2019auto, ma sottolineano anche il suo carattere tecnologico e sportivo. L\u2019insieme di queste modifiche dovrebbe rendere il modello<strong> pi\u00f9 moderno, dinamico<\/strong> e in linea con le attuali tendenze di design automobilistico.<\/p>\n","protected":false},"excerpt":{"rendered":"Alfa Romeo Tonale MY26 \u00e8 l\u2019attesa versione aggiornata del SUV di segmento c uscito sul mercato nel 2022&hellip;\n","protected":false},"author":3,"featured_media":118473,"comment_status":"","ping_status":"","sticky":false,"template":"","format":"standard","meta":{"footnotes":""},"categories":[173],"tags":[51000,1537,90,89,195,198,199,197,200,201,194,196],"class_list":{"0":"post-118472","1":"post","2":"type-post","3":"status-publish","4":"format-standard","5":"has-post-thumbnail","7":"category-scienza-e-tecnologia","8":"tag-alfa-romeo-tonale","9":"tag-it","10":"tag-italia","11":"tag-italy","12":"tag-science","13":"tag-science-and-technology","14":"tag-scienceandtechnology","15":"tag-scienza","16":"tag-scienza-e-tecnologia","17":"tag-scienzaetecnologia","18":"tag-technology","19":"tag-tecnologia"},"share_on_mastodon":{"url":"","error":""},"_links":{"self":[{"href":"https:\/\/www.europesays.com\/it\/wp-json\/wp\/v2\/posts\/118472","targetHints":{"allow":["GET"]}}],"collection":[{"href":"https:\/\/www.europesays.com\/it\/wp-json\/wp\/v2\/posts"}],"about":[{"href":"https:\/\/www.europesays.com\/it\/wp-json\/wp\/v2\/types\/post"}],"author":[{"embeddable":true,"href":"https:\/\/www.europesays.com\/it\/wp-json\/wp\/v2\/users\/3"}],"replies":[{"embeddable":true,"href":"https:\/\/www.europesays.com\/it\/wp-json\/wp\/v2\/comments?post=118472"}],"version-history":[{"count":0,"href":"https:\/\/www.europesays.com\/it\/wp-json\/wp\/v2\/posts\/118472\/revisions"}],"wp:featuredmedia":[{"embeddable":true,"href":"https:\/\/www.europesays.com\/it\/wp-json\/wp\/v2\/media\/118473"}],"wp:attachment":[{"href":"https:\/\/www.europesays.com\/it\/wp-json\/wp\/v2\/media?parent=118472"}],"wp:term":[{"taxonomy":"category","embeddable":true,"href":"https:\/\/www.europesays.com\/it\/wp-json\/wp\/v2\/categories?post=118472"},{"taxonomy":"post_tag","embeddable":true,"href":"https:\/\/www.europesays.com\/it\/wp-json\/wp\/v2\/tags?post=118472"}],"curies":[{"name":"wp","href":"https:\/\/api.w.org\/{rel}","templated":true}]}}