{"id":120162,"date":"2025-09-20T15:15:10","date_gmt":"2025-09-20T15:15:10","guid":{"rendered":"https:\/\/www.europesays.com\/it\/120162\/"},"modified":"2025-09-20T15:15:10","modified_gmt":"2025-09-20T15:15:10","slug":"torino-atalanta-juric-lookman-convocato-se-giochera-devo-pensarci","status":"publish","type":"post","link":"https:\/\/www.europesays.com\/it\/120162\/","title":{"rendered":"Torino Atalanta, Juric: &#8216;Lookman convocato. Se giocher\u00e0? Devo pensarci&#8217;"},"content":{"rendered":"<p><strong>Ademola Lookman<\/strong> sar\u00e0 a disposizione per <strong>Torino-Atalanta.<\/strong> Lo ha chiarito <strong>Ivan Juric <\/strong>nella classica conferenza stampa della vigilia: &#8220;Ha parlato con me, col mio staff e con tutti i giocatori da solo spiegando le cose, mi sembra sia stato accolto bene. <strong>Non \u00e8 al massimo visto che si \u00e8 allenato da solo e con la primavera per tanto tempo.<\/strong> Se giocher\u00e0 domani? In certi momenti ci mancava quella qualit\u00e0 e incisivit\u00e0 per vincere le gare, ci devo pensare, \u00e8 un po&#8217; in debito di ossigeno,<strong> vediamo se dall&#8217;inizio o a partita in corso&#8221;.<\/strong><\/p>\n<p>\t\t\t<strong>&#8220;Al Torino ho fatto un ottimo lavoro&#8221;<\/strong><\/p>\n<p>&#8220;Al Torino ho il ricordo di un ottimo lavoro. Abbiamo riportato la squadra nella parte sinistra della classifica, rimesso i conti a posto. <strong>E&#8217; solido, ci sono tanti buoni giocatori, tanti attaccanti, tante soluzioni e tanti moduli<\/strong>&#8220;. &#8220;A Roma il Torino \u00e8 stato attento sfruttando le ripartenze con giocatori come Simeone e Ngonge, magari in casa vorr\u00e0 fare pi\u00f9 pressing&#8221;, continua il tecnico croato, tre stagioni sulla panchina attualmente affidata a Marco Baroni. Juric si ritrova con due infortunati di Champions a Parigi, uno dei quali per\u00f2 potrebbe rientrare. &#8220;De Ketelaere oggi lo proviamo e prendiamo una decisione. <strong>Scalvini, invece, mi brucia<\/strong>: non volevo rischiarlo col PSG visto che \u00e8 stato fermo quasi tutto l&#8217;anno scorso e poi dopo pochi minuti da subentrato \u00e8 scivolato lesionandosi l&#8217;adduttore. Star\u00e0 fermo almeno un paio di settimane&#8221;. Infine, sugli altri infortunati: &#8220;Scamacca ricomincer\u00e0 a correre settimana prossima. Ederson torner\u00e0 prima di Kolasinac, che si allena con la Primavera e prima della sosta non lo si rivedr\u00e0&#8221;.\u00a0<\/p>\n","protected":false},"excerpt":{"rendered":"Ademola Lookman sar\u00e0 a disposizione per Torino-Atalanta. Lo ha chiarito Ivan Juric nella classica conferenza stampa della vigilia:&hellip;\n","protected":false},"author":3,"featured_media":120163,"comment_status":"","ping_status":"","sticky":false,"template":"","format":"standard","meta":{"footnotes":""},"categories":[1452],"tags":[569,721,1740,1537,90,89,25499,1739,245,244,1641],"class_list":{"0":"post-120162","1":"post","2":"type-post","3":"status-publish","4":"format-standard","5":"has-post-thumbnail","7":"category-calcio","8":"tag-atalanta","9":"tag-calcio","10":"tag-football","11":"tag-it","12":"tag-italia","13":"tag-italy","14":"tag-ivan-juric","15":"tag-soccer","16":"tag-sport","17":"tag-sports","18":"tag-torino"},"share_on_mastodon":{"url":"","error":""},"_links":{"self":[{"href":"https:\/\/www.europesays.com\/it\/wp-json\/wp\/v2\/posts\/120162","targetHints":{"allow":["GET"]}}],"collection":[{"href":"https:\/\/www.europesays.com\/it\/wp-json\/wp\/v2\/posts"}],"about":[{"href":"https:\/\/www.europesays.com\/it\/wp-json\/wp\/v2\/types\/post"}],"author":[{"embeddable":true,"href":"https:\/\/www.europesays.com\/it\/wp-json\/wp\/v2\/users\/3"}],"replies":[{"embeddable":true,"href":"https:\/\/www.europesays.com\/it\/wp-json\/wp\/v2\/comments?post=120162"}],"version-history":[{"count":0,"href":"https:\/\/www.europesays.com\/it\/wp-json\/wp\/v2\/posts\/120162\/revisions"}],"wp:featuredmedia":[{"embeddable":true,"href":"https:\/\/www.europesays.com\/it\/wp-json\/wp\/v2\/media\/120163"}],"wp:attachment":[{"href":"https:\/\/www.europesays.com\/it\/wp-json\/wp\/v2\/media?parent=120162"}],"wp:term":[{"taxonomy":"category","embeddable":true,"href":"https:\/\/www.europesays.com\/it\/wp-json\/wp\/v2\/categories?post=120162"},{"taxonomy":"post_tag","embeddable":true,"href":"https:\/\/www.europesays.com\/it\/wp-json\/wp\/v2\/tags?post=120162"}],"curies":[{"name":"wp","href":"https:\/\/api.w.org\/{rel}","templated":true}]}}