{"id":120235,"date":"2025-09-20T16:12:18","date_gmt":"2025-09-20T16:12:18","guid":{"rendered":"https:\/\/www.europesays.com\/it\/120235\/"},"modified":"2025-09-20T16:12:18","modified_gmt":"2025-09-20T16:12:18","slug":"incendiata-la-casetta-dei-libri-di-santa-maria","status":"publish","type":"post","link":"https:\/\/www.europesays.com\/it\/120235\/","title":{"rendered":"incendiata la casetta dei libri di Santa Maria"},"content":{"rendered":"<p>Chi ha appiccato il fuoco ai libri della casetta di Santa Maria, frazione di Cittadella, non ha colpito solo un mucchio di volumi lasciati a disposizione dei cittadini: ha inferto una ferita a un simbolo di comunit\u00e0, cultura e condivisione. L\u2019episodio, come riporta da \u201cIl Mattino di Padova\u201d, \u00e8 accaduto nella notte tra mercoled\u00ec e gioved\u00ec: un piccolo rogo, alimentato proprio dai testi custoditi all\u2019interno della struttura, ha ridotto in cenere pagine e copertine, lasciando &#8211; come si vede nella foto &#8211; per terra resti anneriti e amarezza.<\/p>\n<p>La casetta dei libri era stata inaugurata di recente, come le altre sei distribuite nelle frazioni del comune, con l\u2019obiettivo di rendere la lettura accessibile in ogni momento della giornata grazie a un circuito gratuito alimentato dalle donazioni di biblioteca e cittadini. Un gesto nato per avvicinare grandi e piccoli alla cultura, trasformato invece in bersaglio di incivilt\u00e0.<\/p>\n<p>Il sindaco Luca Pierobon, sempre dalle colonne \u201cIl Mattino\u201d, ha espresso tutta la propria indignazione, parlando di un atto \u00absenza giustificazioni\u00bb e ricordando come non sia scontato che i responsabili siano ragazzini: \u00abNon si pu\u00f2 escludere che dietro ci siano adulti. Ed \u00e8 ancora pi\u00f9 grave\u00bb. La forze dell&#8217;ordine hanno effettuato un sopralluogo e sono stati avviati accertamenti, ma al di l\u00e0 di eventuali sanzioni resta la preoccupazione per la mancanza di rispetto verso ci\u00f2 il bene pubblico.<\/p>\n<p>La vicenda ha suscitato decine di reazioni sui social, con cittadini che parlano di \u00abvergogna\u00bb e di un gesto che \u00abmortifica un servizio nato solo per arricchire la comunit\u00e0\u00bb. Dal Comune fanno sapere che verranno intensificati i controlli e potenziate le iniziative di sensibilizzazione rivolte soprattutto ai pi\u00f9 giovani, per ribadire il valore della cura dei beni comuni.<\/p>\n<p>Pi\u00f9 dei danni materiali, infatti, a pesare \u00e8 il messaggio distorto che episodi simili trasmettono: bruciare libri significa rifiutare cultura e dialogo, proprio in un contesto dove piccoli presidi gratuiti rappresentano e un invito a sentirsi parte della stessa comunit\u00e0.<\/p>\n","protected":false},"excerpt":{"rendered":"Chi ha appiccato il fuoco ai libri della casetta di Santa Maria, frazione di Cittadella, non ha colpito&hellip;\n","protected":false},"author":3,"featured_media":120236,"comment_status":"","ping_status":"","sticky":false,"template":"","format":"standard","meta":{"footnotes":""},"categories":[1445],"tags":[1608,24842,203,3411,204,1537,90,89,1609,22759],"class_list":{"0":"post-120235","1":"post","2":"type-post","3":"status-publish","4":"format-standard","5":"has-post-thumbnail","7":"category-libri","8":"tag-books","9":"tag-cittadella","10":"tag-entertainment","11":"tag-incendio","12":"tag-intrattenimento","13":"tag-it","14":"tag-italia","15":"tag-italy","16":"tag-libri","17":"tag-santa-maria"},"share_on_mastodon":{"url":"","error":""},"_links":{"self":[{"href":"https:\/\/www.europesays.com\/it\/wp-json\/wp\/v2\/posts\/120235","targetHints":{"allow":["GET"]}}],"collection":[{"href":"https:\/\/www.europesays.com\/it\/wp-json\/wp\/v2\/posts"}],"about":[{"href":"https:\/\/www.europesays.com\/it\/wp-json\/wp\/v2\/types\/post"}],"author":[{"embeddable":true,"href":"https:\/\/www.europesays.com\/it\/wp-json\/wp\/v2\/users\/3"}],"replies":[{"embeddable":true,"href":"https:\/\/www.europesays.com\/it\/wp-json\/wp\/v2\/comments?post=120235"}],"version-history":[{"count":0,"href":"https:\/\/www.europesays.com\/it\/wp-json\/wp\/v2\/posts\/120235\/revisions"}],"wp:featuredmedia":[{"embeddable":true,"href":"https:\/\/www.europesays.com\/it\/wp-json\/wp\/v2\/media\/120236"}],"wp:attachment":[{"href":"https:\/\/www.europesays.com\/it\/wp-json\/wp\/v2\/media?parent=120235"}],"wp:term":[{"taxonomy":"category","embeddable":true,"href":"https:\/\/www.europesays.com\/it\/wp-json\/wp\/v2\/categories?post=120235"},{"taxonomy":"post_tag","embeddable":true,"href":"https:\/\/www.europesays.com\/it\/wp-json\/wp\/v2\/tags?post=120235"}],"curies":[{"name":"wp","href":"https:\/\/api.w.org\/{rel}","templated":true}]}}