{"id":120321,"date":"2025-09-20T17:20:15","date_gmt":"2025-09-20T17:20:15","guid":{"rendered":"https:\/\/www.europesays.com\/it\/120321\/"},"modified":"2025-09-20T17:20:15","modified_gmt":"2025-09-20T17:20:15","slug":"matera-fiction-porta-il-progetto-ponti-di-cinema-per-la-scuola-a-cinecitta-con-gli-studenti-del-liceo-dante-alighieri","status":"publish","type":"post","link":"https:\/\/www.europesays.com\/it\/120321\/","title":{"rendered":"Matera Fiction porta il progetto \u201cPonti di cinema per la scuola\u201d a Cinecitt\u00e0 con gli studenti del Liceo Dante Alighieri"},"content":{"rendered":"<p>Il cinema come strumento educativo e ponte tra memoria e futuro. Con questa visione <strong>Matera Fiction<\/strong> ha lanciato il progetto \u201cPonti di cinema per la scuola: Matera Cinecitt\u00e0\u201d, che nel 2025 vede protagonisti gli studenti del <strong>Liceo Scientifico Dante Alighieri<\/strong> di Matera.<\/p>\n<p>Il percorso formativo, ospitato a <strong>Cinecitt\u00e0<\/strong>, punta ad avvicinare i ragazzi ai linguaggi cinematografici e alla storia della \u201ccitt\u00e0 del cinema\u201d, valorizzandone il patrimonio storico, architettonico e museale. Le attivit\u00e0 didattiche, curate dal Dipartimento educativo, prevedono laboratori, visite guidate e approfondimenti sulle relazioni tra cinema e arte, oltre a esercitazioni su linguaggi espressivi differenti.<\/p>\n<p>Il programma si conclude con una visita all\u2019<strong>Archivio Storico Luce<\/strong>, una delle pi\u00f9 importanti raccolte audiovisive del mondo, che custodisce cinegiornali, documentari, fotografie e materiali audiovisivi capaci di raccontare la storia italiana del Novecento.<\/p>\n<p>\u00abIl cinema \u00e8 uno strumento privilegiato per stimolare riflessioni e favorire approfondimenti tematici \u2013 sottolinea Giuseppe Papasso, direttore di Matera Fiction \u2013 e con questo progetto vogliamo non solo avvicinare i ragazzi al patrimonio cinematografico, ma anche promuovere la cultura come esperienza viva e interattiva\u00bb.<\/p>\n<p>Matera Fiction conferma cos\u00ec il proprio impegno a creare una rete sempre pi\u00f9 ampia di scuole, insegnanti e studenti, offrendo iniziative di qualit\u00e0 per la diffusione del linguaggio audiovisivo e la valorizzazione del patrimonio culturale italiano.<\/p>\n<p>    <a href=\"https:\/\/iltag.it\/contatti\/\" target=\"_blank\" rel=\"nofollow noopener\"><img loading=\"lazy\" decoding=\"async\" alt=\"Richiedi il tuo banner su ilTag.it\" src=\"https:\/\/www.europesays.com\/it\/wp-content\/uploads\/2025\/09\/banner-header-horizontal-02.jpg\" width=\"728\" height=\"90\"\/><\/a><\/p>\n","protected":false},"excerpt":{"rendered":"Il cinema come strumento educativo e ponte tra memoria e futuro. Con questa visione Matera Fiction ha lanciato&hellip;\n","protected":false},"author":3,"featured_media":120322,"comment_status":"","ping_status":"","sticky":false,"template":"","format":"standard","meta":{"footnotes":""},"categories":[1481],"tags":[2065,2066,239,2063,2064,1537,90,89,240],"class_list":{"0":"post-120321","1":"post","2":"type-post","3":"status-publish","4":"format-standard","5":"has-post-thumbnail","7":"category-assistenza-sanitaria","8":"tag-assistenza-sanitaria","9":"tag-assistenzasanitaria","10":"tag-health","11":"tag-health-care","12":"tag-healthcare","13":"tag-it","14":"tag-italia","15":"tag-italy","16":"tag-salute"},"share_on_mastodon":{"url":"","error":""},"_links":{"self":[{"href":"https:\/\/www.europesays.com\/it\/wp-json\/wp\/v2\/posts\/120321","targetHints":{"allow":["GET"]}}],"collection":[{"href":"https:\/\/www.europesays.com\/it\/wp-json\/wp\/v2\/posts"}],"about":[{"href":"https:\/\/www.europesays.com\/it\/wp-json\/wp\/v2\/types\/post"}],"author":[{"embeddable":true,"href":"https:\/\/www.europesays.com\/it\/wp-json\/wp\/v2\/users\/3"}],"replies":[{"embeddable":true,"href":"https:\/\/www.europesays.com\/it\/wp-json\/wp\/v2\/comments?post=120321"}],"version-history":[{"count":0,"href":"https:\/\/www.europesays.com\/it\/wp-json\/wp\/v2\/posts\/120321\/revisions"}],"wp:featuredmedia":[{"embeddable":true,"href":"https:\/\/www.europesays.com\/it\/wp-json\/wp\/v2\/media\/120322"}],"wp:attachment":[{"href":"https:\/\/www.europesays.com\/it\/wp-json\/wp\/v2\/media?parent=120321"}],"wp:term":[{"taxonomy":"category","embeddable":true,"href":"https:\/\/www.europesays.com\/it\/wp-json\/wp\/v2\/categories?post=120321"},{"taxonomy":"post_tag","embeddable":true,"href":"https:\/\/www.europesays.com\/it\/wp-json\/wp\/v2\/tags?post=120321"}],"curies":[{"name":"wp","href":"https:\/\/api.w.org\/{rel}","templated":true}]}}