{"id":120493,"date":"2025-09-20T19:23:09","date_gmt":"2025-09-20T19:23:09","guid":{"rendered":"https:\/\/www.europesays.com\/it\/120493\/"},"modified":"2025-09-20T19:23:09","modified_gmt":"2025-09-20T19:23:09","slug":"morgan-io-marginalizzato-mengoni-senza-di-me-non-esisterebbe-tv","status":"publish","type":"post","link":"https:\/\/www.europesays.com\/it\/120493\/","title":{"rendered":"Morgan: &#8220;Io marginalizzato, Mengoni senza di me non esisterebbe&#8221; &#8211; Tv"},"content":{"rendered":"<p>&#8220;Io sono una persona normalissima, magari sono un po&#8217; polemico, ma molto libero: non ho padroni, sono coraggioso, dico quello che penso, e questo fa andare in panico perch\u00e9 sono tutti abituati ai soldatini, ai burattini. Ma io non voglio il caos, sono ordinato, non mi piace il caos anche perch\u00e9 sono un musicista e la musica \u00e8 ordine, l&#8217;armonia \u00e8 equilibrio&#8221;. Parola di Morgan, ospite di Nunzia De Girolamo a Ciao Maschio, in onda su Rai1.\u00a0<\/p>\n<p> Video Morgan: &#8216;Io marginalizzato, Mengoni senza di me non esisterebbe&#8217;       <\/p>\n<p>\u00a0 \u00a0 &#8220;In effetti &#8211; sottolinea Morgan nell&#8217;intervista &#8211; io sono marginalizzato da tutto il sistema, nonostante i successi che ho avuto, e sono tantissimi. Adesso \u00e8 uscito un film di cui ho fatto le musiche, che \u00e8 un documentario, ha vinto 47 festival in tutto il mondo, \u00e8 arrivato al primo posto a Los Angeles, Toronto, Londra, ovunque, non ne ha parlato nessuno&#8221;. E ancora: &#8220;Marco Mengoni esiste perch\u00e9 l&#8217;ho scoperto io, non l&#8217;ha mai detto nessuno e non lo dicono. Mengoni se non ci fossi stato io non esisterebbe, cio\u00e8 Marco Mengoni, Noemi, Michele Bravi, tutti quei talenti li ho lanciati io&#8230; Marco Mengoni era un ragazzino su cui nessuno avrebbe investito e io invece l&#8217;ho capito&#8221;. \u00c8 stato riconoscente?, chiede De Girolamo. &#8220;Per niente, perch\u00e9 il sistema non \u00e8 riconoscente, lui poverino non pu\u00f2 esserlo, perch\u00e9 \u00e8 attorniato da gente che rema contro&#8221;. <br \/>\u00a0\u00a0\u00a0 Nell&#8217;intervista Morgan torna anche sul celebre episodio con Bugo a Sanremo (&#8220;\u00e8 stata un&#8217;opera d&#8217;arte, un&#8217;installazione, \u00e8 avanguardia), e &#8211; alla domanda se si ritenga scomodo, risponde: &#8220;Sono anche comodo, faccio comodo, sono un valore aggiunto, qualcosa in pi\u00f9: non mi fanno mai fare la colonna portante, sono un elemento aggiuntivo, la ciliegina sulla torta, ma questo per me \u00e8 sgradevole, non lo vivo bene, perch\u00e9 mi sento strutturale, e fare l&#8217;ospite quando dovrei essere padrone di casa \u00e8 imbarazzante&#8221;. <br \/>\u00a0\u00a0\u00a0 Il musicista si definisce anche &#8220;divisivo, perch\u00e9 sono un divo, divido il bene dal male, sono manicheo, sono molto morale, ho una forte etica e nessuno ce l&#8217;ha ormai: basta che ci sia un guadagno, tutti fanno delle cose solo per il guadagno. Io sono vecchio stile, dico se una cosa \u00e8 giusta, \u00e8 sbagliata e molto volte vado contro il potere&#8221;. <br \/>\u00a0\u00a0\u00a0 &#8220;Se potessi rinascere &#8211; afferma ancora rispondendo alle sollecitazioni della conduttrice &#8211; vorrei essere Jovanotti per fargli fare cose migliori, per sfruttare l&#8217;occasione di avere tutto il suo pubblico e finalmente fare musica intelligente. La sua musica \u00e8 in un certo senso intelligente, ma lui \u00e8 furbo, si schiera e non si schiera, un colpo e il cerchio e una alla botte. \u00c8 furbo, cavalca tutte le epoche&#8221;.\u00a0<br \/>\u00a0\u00a0\u00a0<\/p>\n<p class=\"article-copyright\">\n<p>Riproduzione riservata \u00a9 Copyright ANSA<\/p>\n","protected":false},"excerpt":{"rendered":"&#8220;Io sono una persona normalissima, magari sono un po&#8217; polemico, ma molto libero: non ho padroni, sono coraggioso,&hellip;\n","protected":false},"author":3,"featured_media":120494,"comment_status":"","ping_status":"","sticky":false,"template":"","format":"standard","meta":{"footnotes":""},"categories":[1443],"tags":[9129,18934,32926,203,81593,1282,204,1537,90,89,10391,81592,3193,1538,1539,11427,17191,13229,2099],"class_list":{"0":"post-120493","1":"post","2":"type-post","3":"status-publish","4":"format-standard","5":"has-post-thumbnail","7":"category-musica","8":"tag-bene","9":"tag-caos","10":"tag-cosa","11":"tag-entertainment","12":"tag-guadagno","13":"tag-intervista","14":"tag-intrattenimento","15":"tag-it","16":"tag-italia","17":"tag-italy","18":"tag-marco-mengoni","19":"tag-mengoni","20":"tag-morgan","21":"tag-music","22":"tag-musica","23":"tag-musicista","24":"tag-ospite","25":"tag-padrone","26":"tag-sistema"},"share_on_mastodon":{"url":"","error":""},"_links":{"self":[{"href":"https:\/\/www.europesays.com\/it\/wp-json\/wp\/v2\/posts\/120493","targetHints":{"allow":["GET"]}}],"collection":[{"href":"https:\/\/www.europesays.com\/it\/wp-json\/wp\/v2\/posts"}],"about":[{"href":"https:\/\/www.europesays.com\/it\/wp-json\/wp\/v2\/types\/post"}],"author":[{"embeddable":true,"href":"https:\/\/www.europesays.com\/it\/wp-json\/wp\/v2\/users\/3"}],"replies":[{"embeddable":true,"href":"https:\/\/www.europesays.com\/it\/wp-json\/wp\/v2\/comments?post=120493"}],"version-history":[{"count":0,"href":"https:\/\/www.europesays.com\/it\/wp-json\/wp\/v2\/posts\/120493\/revisions"}],"wp:featuredmedia":[{"embeddable":true,"href":"https:\/\/www.europesays.com\/it\/wp-json\/wp\/v2\/media\/120494"}],"wp:attachment":[{"href":"https:\/\/www.europesays.com\/it\/wp-json\/wp\/v2\/media?parent=120493"}],"wp:term":[{"taxonomy":"category","embeddable":true,"href":"https:\/\/www.europesays.com\/it\/wp-json\/wp\/v2\/categories?post=120493"},{"taxonomy":"post_tag","embeddable":true,"href":"https:\/\/www.europesays.com\/it\/wp-json\/wp\/v2\/tags?post=120493"}],"curies":[{"name":"wp","href":"https:\/\/api.w.org\/{rel}","templated":true}]}}