{"id":121140,"date":"2025-09-21T04:46:19","date_gmt":"2025-09-21T04:46:19","guid":{"rendered":"https:\/\/www.europesays.com\/it\/121140\/"},"modified":"2025-09-21T04:46:19","modified_gmt":"2025-09-21T04:46:19","slug":"giro-dellemilia-la-gara-dei-campioni","status":"publish","type":"post","link":"https:\/\/www.europesays.com\/it\/121140\/","title":{"rendered":"Giro dell\u2019Emilia, la gara dei campioni"},"content":{"rendered":"<p>La prestigiosa sede della <strong>Fondazione Cassa di Risparmio di Mirandola<\/strong> presieduta da Francesco Vincenzi, ha ospitato ieri i dettagli del <strong>Giro dell\u2019Emilia Granarolo<\/strong> e di quello <strong>BCC Felsinea donne \u00e9lite<\/strong>, due eventi tra i pi\u00f9 attesi del calendario internazionale, che casualmente torner\u00e0 nella sua data originale del 4 ottobre. Dopo Vignola, quest\u2019anno sar\u00e0 <strong>Mirandola<\/strong> a dare il via alle due manifestazioni organizzate dal <strong>GS Emilia<\/strong>, da quasi 40 anni organizzatore. Il Giro dell\u2019Emilia, lo scorso anno vide trionfare in maglia iridata Tadej Pogacar ed Elisa Longo Borghini entrambi dopo aver dominato il Giro d\u2019Italia.<\/p>\n<p>Il Giro al maschile di km. 199, dopo lunghi tratti pianeggianti, in terra bolognese affronter\u00e0 la lunga ascesa verso Monzuno, seguita dalla scalata del Monte Calvo, ultima fatica prima di entrare nel circuito di Bologna. Saranno come sempre le cinque ascese a S.Luca che faranno emergere il vincitore di una delle corse pi\u00f9 longeve, che nel 1909 vide la vittoria di Edoardo Pavesi e prima e dopo la seconda guerra mondiale del campionissimo Fausto Coppi. Il Giro al femminile, lungo 126 chilometri, anticiper\u00e0 lo stesso percorso sino al Montecalvo prima di affrontare le due scalate a S.Luca.<\/p>\n<p>Presenti alla presentazione ufficiale, oltre al padrone di casa Letizia Budri, sindaca di Mirandola, Raimondo Soragni ed Adriano Amici. &#8220;Siamo orgogliosi di supportare il 108\u00b0 Giro dell\u2019Emilia, poich\u00e8 la nostra citt\u00e0 \u00e8 sempre stato un punto di riferimento per il <strong>ciclismo<\/strong> sin dall\u2019inizio del secolo scorso&#8221;, ha commentato Francesco Vincenzi, al quale ha fatto eco Letizia Budri: &#8220;Il ciclismo vive nei racconti delle generazioni che hanno pedalato lungo le strade mirandolesi e nei sogni dei giovani che proseguono nella Ciclistica Mirandolese 1903. Le due classiche internazionali vedranno al via 50 Team e 350 atlete ed atleti.<\/p>\n<p>Roberto Pella, presidente della Lega Professonisti, ha chiosato: &#8220;All\u2019arrivo i genitori di Sara Piffer, giovane ciclista scomparsa a gennaio, premieranno la vincitrice del Traguardo Speciale Sicurezza&#8221;. &#8220;Il Giro dell\u2019Emila \u00e8 per noi la manifestazione clou delle nostre organizzazioni, capace di attrarre i migliori interpreti del ciclismo mondiale&#8221;, ha concluso la presentazione Adriano Amici presidente del G.S. Emilia.<\/p>\n<p>Elio Giusti<\/p>\n","protected":false},"excerpt":{"rendered":"La prestigiosa sede della Fondazione Cassa di Risparmio di Mirandola presieduta da Francesco Vincenzi, ha ospitato ieri i&hellip;\n","protected":false},"author":3,"featured_media":121141,"comment_status":"","ping_status":"","sticky":false,"template":"","format":"standard","meta":{"footnotes":""},"categories":[1456],"tags":[2037,1824,1825,7109,629,3369,1537,90,89,245,244],"class_list":{"0":"post-121140","1":"post","2":"type-post","3":"status-publish","4":"format-standard","5":"has-post-thumbnail","7":"category-ciclismo","8":"tag-campioni","9":"tag-ciclismo","10":"tag-cycling","11":"tag-emilia","12":"tag-gara","13":"tag-giro","14":"tag-it","15":"tag-italia","16":"tag-italy","17":"tag-sport","18":"tag-sports"},"share_on_mastodon":{"url":"","error":""},"_links":{"self":[{"href":"https:\/\/www.europesays.com\/it\/wp-json\/wp\/v2\/posts\/121140","targetHints":{"allow":["GET"]}}],"collection":[{"href":"https:\/\/www.europesays.com\/it\/wp-json\/wp\/v2\/posts"}],"about":[{"href":"https:\/\/www.europesays.com\/it\/wp-json\/wp\/v2\/types\/post"}],"author":[{"embeddable":true,"href":"https:\/\/www.europesays.com\/it\/wp-json\/wp\/v2\/users\/3"}],"replies":[{"embeddable":true,"href":"https:\/\/www.europesays.com\/it\/wp-json\/wp\/v2\/comments?post=121140"}],"version-history":[{"count":0,"href":"https:\/\/www.europesays.com\/it\/wp-json\/wp\/v2\/posts\/121140\/revisions"}],"wp:featuredmedia":[{"embeddable":true,"href":"https:\/\/www.europesays.com\/it\/wp-json\/wp\/v2\/media\/121141"}],"wp:attachment":[{"href":"https:\/\/www.europesays.com\/it\/wp-json\/wp\/v2\/media?parent=121140"}],"wp:term":[{"taxonomy":"category","embeddable":true,"href":"https:\/\/www.europesays.com\/it\/wp-json\/wp\/v2\/categories?post=121140"},{"taxonomy":"post_tag","embeddable":true,"href":"https:\/\/www.europesays.com\/it\/wp-json\/wp\/v2\/tags?post=121140"}],"curies":[{"name":"wp","href":"https:\/\/api.w.org\/{rel}","templated":true}]}}