{"id":121212,"date":"2025-09-21T05:58:11","date_gmt":"2025-09-21T05:58:11","guid":{"rendered":"https:\/\/www.europesays.com\/it\/121212\/"},"modified":"2025-09-21T05:58:11","modified_gmt":"2025-09-21T05:58:11","slug":"napoli-sprint-coppa-america-ecco-la-bagnoli-del-futuro-mare-libero-e-balneabile","status":"publish","type":"post","link":"https:\/\/www.europesays.com\/it\/121212\/","title":{"rendered":"Napoli, sprint Coppa America, ecco la Bagnoli del futuro: \u00abMare libero e balneabile\u00bb"},"content":{"rendered":"<p>\u00abSi lavorer\u00e0 in tempi stretti ma ce la faremo. E, soprattutto, lasceremo in eredit\u00e0 alla citt\u00e0 il mare balneabile a Bagnoli\u00bb, sottolinea con orgoglio <a href=\"https:\/\/www.ilmattino.it\/t\/gaetano-manfredi\" rel=\"nofollow noopener\" target=\"_blank\">Gaetano Manfredi<\/a> nelle vesti pi\u00f9 di sindaco che da commissario straordinario per la bonifica. E la Coppa America, al di l\u00e0 del prestigio enorme della competizione stessa per la prima volta in Italia, a Napoli, da 139 anni a questa parte, rappresenta un\u2019occasione unica per il futuro della citt\u00e0. \u00abGuadagneremo 3 mesi sul cronoprogramma e procederanno in contemporanea con le bonifiche sia a terra che a mare, invece che in successione\u00bb, snocciola Manfredi fiducioso mentre osserva le barche ormeggiate in banchina dalla terrazza blu del Salone nautico di Genova.<\/p>\n<p><img decoding=\"async\" alt=\"\" src=\"https:\/\/www.europesays.com\/it\/wp-content\/uploads\/2025\/09\/whatsapp_image_2025_09_20_at_14.16.29_1_20222600.jpg\"\/><\/p>\n","protected":false},"excerpt":{"rendered":"\u00abSi lavorer\u00e0 in tempi stretti ma ce la faremo. E, soprattutto, lasceremo in eredit\u00e0 alla citt\u00e0 il mare&hellip;\n","protected":false},"author":3,"featured_media":121213,"comment_status":"","ping_status":"","sticky":false,"template":"","format":"standard","meta":{"footnotes":""},"categories":[6],"tags":[81918,46373,14,8,1537,90,89,248,7,15,82,9,83,10,13,11,80,84,12,81,85],"class_list":{"0":"post-121212","1":"post","2":"type-post","3":"status-publish","4":"format-standard","5":"has-post-thumbnail","7":"category-ultime-notizie","8":"tag-bagnoli","9":"tag-coppa-america","10":"tag-cronaca","11":"tag-headlines","12":"tag-it","13":"tag-italia","14":"tag-italy","15":"tag-napoli","16":"tag-news","17":"tag-notizie","18":"tag-notizie-di-cronaca","19":"tag-notizie-principali","20":"tag-notiziedicronaca","21":"tag-notizieprincipali","22":"tag-titoli","23":"tag-ultime-notizie","24":"tag-ultime-notizie-di-cronaca","25":"tag-ultime-notizie-e-news-di-oggi","26":"tag-ultimenotizie","27":"tag-ultimenotiziedicronaca","28":"tag-ultimenotizieenewsdioggi"},"share_on_mastodon":{"url":"","error":""},"_links":{"self":[{"href":"https:\/\/www.europesays.com\/it\/wp-json\/wp\/v2\/posts\/121212","targetHints":{"allow":["GET"]}}],"collection":[{"href":"https:\/\/www.europesays.com\/it\/wp-json\/wp\/v2\/posts"}],"about":[{"href":"https:\/\/www.europesays.com\/it\/wp-json\/wp\/v2\/types\/post"}],"author":[{"embeddable":true,"href":"https:\/\/www.europesays.com\/it\/wp-json\/wp\/v2\/users\/3"}],"replies":[{"embeddable":true,"href":"https:\/\/www.europesays.com\/it\/wp-json\/wp\/v2\/comments?post=121212"}],"version-history":[{"count":0,"href":"https:\/\/www.europesays.com\/it\/wp-json\/wp\/v2\/posts\/121212\/revisions"}],"wp:featuredmedia":[{"embeddable":true,"href":"https:\/\/www.europesays.com\/it\/wp-json\/wp\/v2\/media\/121213"}],"wp:attachment":[{"href":"https:\/\/www.europesays.com\/it\/wp-json\/wp\/v2\/media?parent=121212"}],"wp:term":[{"taxonomy":"category","embeddable":true,"href":"https:\/\/www.europesays.com\/it\/wp-json\/wp\/v2\/categories?post=121212"},{"taxonomy":"post_tag","embeddable":true,"href":"https:\/\/www.europesays.com\/it\/wp-json\/wp\/v2\/tags?post=121212"}],"curies":[{"name":"wp","href":"https:\/\/api.w.org\/{rel}","templated":true}]}}