{"id":121260,"date":"2025-09-21T06:41:20","date_gmt":"2025-09-21T06:41:20","guid":{"rendered":"https:\/\/www.europesays.com\/it\/121260\/"},"modified":"2025-09-21T06:41:20","modified_gmt":"2025-09-21T06:41:20","slug":"i-talebani-vietano-i-libri-scritti-da-donne-negli-atenei-afghani-news","status":"publish","type":"post","link":"https:\/\/www.europesays.com\/it\/121260\/","title":{"rendered":"I talebani vietano i libri scritti da donne negli atenei afghani &#8211; News"},"content":{"rendered":"<p>\u00a0 \u00a0Il governo talebano ha rimosso i libri scritti da donne dal sistema di insegnamento universitario in Afghanistan, nell&#8217;ambito di un nuovo divieto che ha anche messo al bando l&#8217;insegnamento dei diritti umani e delle molestie sessuali. Lo riporta la Bbc sul suo sito.<\/p>\n<p>Per approfondire <a href=\"https:\/\/www.ansa.it\/donne\/notizie\/2025\/04\/15\/alle-ragazze-afghane-bandite-dalle-scuole-resta-solo-la-tessitura_a9d7d074-120d-4d72-98e7-5aafe000c555.html\" target=\"_blank\" class=\"post\" rel=\"noopener nofollow\"> <img decoding=\"async\" class=\"img\" src=\"https:\/\/www.europesays.com\/it\/wp-content\/uploads\/2025\/09\/b5acaffae3e05151c787976f6d5dbee8.jpg\"\/> <img decoding=\"async\" class=\"favicon\" src=\"https:\/\/www.ansa.it\/sito\/img\/ico\/favicon.ico\"\/> Agenzia ANSA Alle ragazze afghane, bandite dalle scuole, resta solo la tessitura &#8211; News &#8211; Ansa.it Dalla presa del potere dei talebani nel 2021, alle ragazze sopra i 12 anni sono vietati gli studi e le donne sono escluse da molti lavori. ASCOLTA IL PODCAST (ANSA) <\/a><\/p>\n<p>\u00a0\u00a0\u00a0 Circa 140 libri scritti da donne, tra cui titoli come &#8220;Sicurezza nei laboratori chimici&#8221;, sono tra i 680 libri considerati &#8220;preoccupanti&#8221; a causa delle &#8220;politiche anti-Sharia e talebane&#8221;. <\/p>\n<p>\u00a0\u00a0\u00a0 Alle universit\u00e0 \u00e8 stato inoltre comunicato che non \u00e8 pi\u00f9 consentito insegnare 18 materie, con un funzionario talebano che ha affermato che erano &#8220;in conflitto con i principi della Sharia e con la politica del sistema&#8221;. <\/p>\n<p>\u00a0\u00a0\u00a0 Il decreto \u00e8 l&#8217;ultimo di una serie di restrizioni introdotte dai talebani da quando sono tornati al potere quattro anni fa.<\/p>\n<p> \u00a0\u00a0\u00a0<br \/>\u00a0 \u00a0 Proprio questa settimana, la fibra ottica \u00e8 stata vietata in almeno 10 province per ordine del leader supremo dei talebani, in una mossa che, secondo i funzionari, mirava a prevenire l&#8217;immoralit\u00e0. Sebbene le norme abbiano avuto un impatto su molti aspetti della vita, donne e ragazze sono state particolarmente colpite: \u00e8 loro vietato l&#8217;accesso all&#8217;istruzione oltre la sesta elementare, con uno dei loro ultimi percorsi di formazione superiore interrotto alla fine del 2024, quando i corsi di ostetricia sono stati silenziosamente chiusi, ricorda la Bbc.<\/p>\n<p>\u00a0 \u00a0Ora anche le materie universitarie sulle donne sono state prese di mira: sei delle 18 vietate riguardano specificamente le donne, tra cui &#8216;Genere e sviluppo&#8217;, &#8216;Il ruolo delle donne nella comunicazione&#8217; e &#8216;Sociologia femminile&#8217;. Il governo talebano ha affermato di rispettare i diritti delle donne in conformit\u00e0 con la propria interpretazione della cultura afghana e della legge islamica.\u00a0<\/p>\n<p>Per approfondire <a href=\"https:\/\/www.ansa.it\/donne\/notizie\/2025\/03\/27\/in-afghanistan-un-nuovo-anno-scolastico-senza-ragazze_9b4378f7-141d-4190-bb88-3953df20ffd8.html\" target=\"_blank\" class=\"post\" rel=\"noopener nofollow\"> <img decoding=\"async\" class=\"img\" src=\"https:\/\/www.europesays.com\/it\/wp-content\/uploads\/2025\/09\/1634c06e79caa3bd673b748e983ed16d.jpg\"\/> <img decoding=\"async\" class=\"favicon\" src=\"https:\/\/www.ansa.it\/sito\/img\/ico\/favicon.ico\"\/> Agenzia ANSA Un nuovo anno scolastico senza ragazze, il futuro negato alle donne afghane &#8211; News &#8211; Ansa.it Il divieto di istruzione in Afghanistan ha colpito 2,2 milioni di giovani (ANSA) <\/a><\/p>\n<p>\u00a0<\/p>\n<p class=\"article-copyright\">\n<p>Riproduzione riservata \u00a9 Copyright ANSA<\/p>\n","protected":false},"excerpt":{"rendered":"\u00a0 \u00a0Il governo talebano ha rimosso i libri scritti da donne dal sistema di insegnamento universitario in Afghanistan,&hellip;\n","protected":false},"author":3,"featured_media":121261,"comment_status":"","ping_status":"","sticky":false,"template":"","format":"standard","meta":{"footnotes":""},"categories":[1445],"tags":[40814,1608,1110,704,203,65786,5969,18423,37802,204,1537,90,89,1609,1211,47988,7,2300,81941,4316],"class_list":{"0":"post-121260","1":"post","2":"type-post","3":"status-publish","4":"format-standard","5":"has-post-thumbnail","7":"category-libri","8":"tag-afghanistan","9":"tag-books","10":"tag-diritti-umani","11":"tag-divieto","12":"tag-entertainment","13":"tag-fibra-ottica","14":"tag-funzionario","15":"tag-governo","16":"tag-insegnamento","17":"tag-intrattenimento","18":"tag-it","19":"tag-italia","20":"tag-italy","21":"tag-libri","22":"tag-libro","23":"tag-molestia-sessuale","24":"tag-news","25":"tag-podcast","26":"tag-talebano","27":"tag-universita"},"share_on_mastodon":{"url":"","error":""},"_links":{"self":[{"href":"https:\/\/www.europesays.com\/it\/wp-json\/wp\/v2\/posts\/121260","targetHints":{"allow":["GET"]}}],"collection":[{"href":"https:\/\/www.europesays.com\/it\/wp-json\/wp\/v2\/posts"}],"about":[{"href":"https:\/\/www.europesays.com\/it\/wp-json\/wp\/v2\/types\/post"}],"author":[{"embeddable":true,"href":"https:\/\/www.europesays.com\/it\/wp-json\/wp\/v2\/users\/3"}],"replies":[{"embeddable":true,"href":"https:\/\/www.europesays.com\/it\/wp-json\/wp\/v2\/comments?post=121260"}],"version-history":[{"count":0,"href":"https:\/\/www.europesays.com\/it\/wp-json\/wp\/v2\/posts\/121260\/revisions"}],"wp:featuredmedia":[{"embeddable":true,"href":"https:\/\/www.europesays.com\/it\/wp-json\/wp\/v2\/media\/121261"}],"wp:attachment":[{"href":"https:\/\/www.europesays.com\/it\/wp-json\/wp\/v2\/media?parent=121260"}],"wp:term":[{"taxonomy":"category","embeddable":true,"href":"https:\/\/www.europesays.com\/it\/wp-json\/wp\/v2\/categories?post=121260"},{"taxonomy":"post_tag","embeddable":true,"href":"https:\/\/www.europesays.com\/it\/wp-json\/wp\/v2\/tags?post=121260"}],"curies":[{"name":"wp","href":"https:\/\/api.w.org\/{rel}","templated":true}]}}