{"id":121477,"date":"2025-09-21T09:00:09","date_gmt":"2025-09-21T09:00:09","guid":{"rendered":"https:\/\/www.europesays.com\/it\/121477\/"},"modified":"2025-09-21T09:00:09","modified_gmt":"2025-09-21T09:00:09","slug":"verona-juve-larbitro-rapuano-in-serie-b","status":"publish","type":"post","link":"https:\/\/www.europesays.com\/it\/121477\/","title":{"rendered":"Verona-Juve, l&#8217;arbitro Rapuano in Serie B"},"content":{"rendered":"<p>                                Cartellino rosso mancato a Orban e rigore per il tocco di mano di Joao Mario: i vertici Aia non hanno apprezzato<\/p>\n<p class=\"paragraph\" spellcheck=\"true\">Quattro giornate, toni gi\u00e0 alti ed errori che &#8211; come sempre &#8211; meritano sottolineature o anche provvedimenti. Antonio Rapuano, direttore di gara in Verona-Juventus, vivr\u00e0 diverse delle prossime giornate in Serie B, probabilmente. La sua direzione ha mostrato lacune, soprattutto in una occasione, quella della sbracciata di Orban a Gatti. I vertici dell\u2019Aia non hanno apprezzato, voti bassi: ripartire dalla B potrebbe essere una conseguenza.<\/p>\n<p>    era da rosso\u2014 \u00a0<\/p>\n<p class=\"paragraph is-inline\" spellcheck=\"true\">Nel mirino, e poi <a href=\"https:\/\/www.gazzetta.it\/Calcio\/Serie-A\/Juventus\/20-09-2025\/tudor-dopo-verona-juve-1-1-arbitro-e-stata-una-vergogna.shtml?intcmp=hyperlink-articolo-gazit\" rel=\"nofollow noopener\" target=\"_blank\">nella furia di Tudor<\/a>, due episodi di una gara che non ha convinto i vertici arbitrali. Il primo vede il calcio di rigore assegnato al Verona per palla che impatta sul braccio di Joao Mario: palla inattesa o no? Negli Anni 20, quelli odierni e col Var, il penalty diventa quasi automatico ma semmai c\u2019\u00e8 da andare alla radice, ovvero se renderli punibili oppure no, colpi del genere. Il fatto pi\u00f9 eclatante riguarda invece la \u201ccarica\u201d col braccio che Orban sfoga su Gatti: c\u2019\u00e8 una evidente consapevolezza nel voler andare a parare l\u00ec da parte del giocatore dell\u2019Hellas, \u00e8 condotta violenta con colpo che addirittura arriva al volto, parte ritenuta (giustamente) da anni degna di attenzione massima. Era un rosso chiaro, non giallo: e il Var, in questo caso, avrebbe potuto assistere di pi\u00f9, vista la dinamica. Insomma, Rapuano ripartir\u00e0 dalla B: e la sensazione \u00e8 che sar\u00e0 il suo ambito per un po\u2019.<\/p>\n","protected":false},"excerpt":{"rendered":"Cartellino rosso mancato a Orban e rigore per il tocco di mano di Joao Mario: i vertici Aia&hellip;\n","protected":false},"author":3,"featured_media":120544,"comment_status":"","ping_status":"","sticky":false,"template":"","format":"standard","meta":{"footnotes":""},"categories":[176],"tags":[15717,82060,32,7467,588,629,12806,1911,1537,90,89,5381,7172,4902,3577,3171,82059,3242,11835,245,244,6302,9262],"class_list":{"0":"post-121477","1":"post","2":"type-post","3":"status-publish","4":"format-standard","5":"has-post-thumbnail","7":"category-sport","8":"tag-aia","9":"tag-aia-apprezzato","10":"tag-andare","11":"tag-apprezzato","12":"tag-braccio","13":"tag-gara","14":"tag-gatti","15":"tag-giornate","16":"tag-it","17":"tag-italia","18":"tag-italy","19":"tag-joao","20":"tag-joao-mario","21":"tag-mario","22":"tag-orban","23":"tag-palla","24":"tag-rapuano","25":"tag-rigore","26":"tag-rosso","27":"tag-sport","28":"tag-sports","29":"tag-verona","30":"tag-vertici"},"share_on_mastodon":{"url":"","error":""},"_links":{"self":[{"href":"https:\/\/www.europesays.com\/it\/wp-json\/wp\/v2\/posts\/121477","targetHints":{"allow":["GET"]}}],"collection":[{"href":"https:\/\/www.europesays.com\/it\/wp-json\/wp\/v2\/posts"}],"about":[{"href":"https:\/\/www.europesays.com\/it\/wp-json\/wp\/v2\/types\/post"}],"author":[{"embeddable":true,"href":"https:\/\/www.europesays.com\/it\/wp-json\/wp\/v2\/users\/3"}],"replies":[{"embeddable":true,"href":"https:\/\/www.europesays.com\/it\/wp-json\/wp\/v2\/comments?post=121477"}],"version-history":[{"count":0,"href":"https:\/\/www.europesays.com\/it\/wp-json\/wp\/v2\/posts\/121477\/revisions"}],"wp:featuredmedia":[{"embeddable":true,"href":"https:\/\/www.europesays.com\/it\/wp-json\/wp\/v2\/media\/120544"}],"wp:attachment":[{"href":"https:\/\/www.europesays.com\/it\/wp-json\/wp\/v2\/media?parent=121477"}],"wp:term":[{"taxonomy":"category","embeddable":true,"href":"https:\/\/www.europesays.com\/it\/wp-json\/wp\/v2\/categories?post=121477"},{"taxonomy":"post_tag","embeddable":true,"href":"https:\/\/www.europesays.com\/it\/wp-json\/wp\/v2\/tags?post=121477"}],"curies":[{"name":"wp","href":"https:\/\/api.w.org\/{rel}","templated":true}]}}