{"id":121596,"date":"2025-09-21T10:23:10","date_gmt":"2025-09-21T10:23:10","guid":{"rendered":"https:\/\/www.europesays.com\/it\/121596\/"},"modified":"2025-09-21T10:23:10","modified_gmt":"2025-09-21T10:23:10","slug":"uomini-e-donne-gianmarco-e-cristina-si-sono-detti-addio-lannuncio-social","status":"publish","type":"post","link":"https:\/\/www.europesays.com\/it\/121596\/","title":{"rendered":"Uomini e donne, Gianmarco e Cristina si sono detti addio: l&#8217;annuncio social"},"content":{"rendered":"<p>Dopo settimane in cui <a href=\"https:\/\/www.today.it\/gossip\/vip\/uomini-donne-rottura-gianmarco-cristina.html\" rel=\"nofollow noopener\" target=\"_blank\">si rincorreva la voce sui social<\/a>, \u00e8 arrivata la conferma dai diretti interessati: Gianmarco Steri e Cristina Ferrara non sono pi\u00f9 una coppia.\u00a0<\/p>\n<p>L&#8217;annuncio \u00e8 stato fatto via social da entrambi. Il barbiere di Centecelle non si \u00e8 limitato a dire che \u201cla storia \u00e8 giunta al temine\u201d ma ha attaccato chi nel tempo si \u00e8 scagliato contro di loro:\u201cSono state scritte tante cattiverie, falsit\u00e0 e insulti, coinvolgendo anche persone che non c&#8217;entrano nulla (mia madre, i miei amici) &#8211; ha scritto &#8211; Il gossip, mi rendo conto che sia un lavoro e lo rispetto, ma dovrebbe essere fatto con leggerezza e non con odio e offese, cosa che n\u00e8 io n\u00e8 Cristina abbiamo mai fatto nei confronti di nessuno. Io e Cristina siamo stati attaccati senza pensare alla nostra sensibilit\u00e0: si parla tanto di cyberbullismo e rispetto, ma poi spesso sui social succede l&#8217;opposto. Siamo solo due ragazzi che hanno avuto la fortuna di vivere un&#8217;esperienza speciale e della quale saremo sempre grati e, anche se esposti mediaticamente non si pu\u00f2 giustificare tutto. Le storie a volte hanno un lieto fine, a volte no: ma non per questo bisogna ferire.\u201d<\/p>\n<p>Anche l&#8217;ex corteggiatrice ha voluto dire la sua, dando una visione del rapporto che (forse) non era ancora emersa: \u201cHo avuto la certezza che c&#8217;ero soltanto io, con le mie speranze e il mio crederci &#8211; ha scritto &#8211; Non cercavo la perfezione, ma una presenza sincera, capace di restare e condividere. Eppure, alla fine, ognuno scegliere come esserci o non esserci\u201d.<\/p>\n<p>E ancora: \u201cHo atteso in silenzio, sperando che la scelta di dividersi un destino arrivasse, Invece \u00e8 arrivata solo tanta superficialit\u00e0 che mi ha lasciata senza parole. Troppe volte mi sono sentita io quella sbagliata, quella che non capiva certi atteggiamenti, certe mancanze e ripensando a quei momenti posso dire che la mia testa aveva gi\u00e0 colto la verit\u00e0\u201d.<\/p>\n<p>Dice poi di aver provato a non arrendersi ma: \u201cQuando dall&#8217;altra parte non c&#8217;\u00e8 la stessa forza, inevitabilmente tutto crolla. E niente \u00e8 pi\u00f9 ingiusto che far credere a qualcuno in qualcosa di profondo, quando in realt\u00e0 non si \u00e8 pronti a viverlo\u201d.<\/p>\n<p>Cristina parla anche di qualcuno che ha provato a farla sentire inadatta: \u201cIn questi mesi ho letto di tutto, supposizioni e banalit\u00e0 e se non ho mai ceduto a certe istigazioni \u00e8 perch\u00e8 ho fissi i miei riferimenti, Non ho mai cercato di apparire diversa da ci\u00f2 che sono. Nonostante tutto resto fedele a ci\u00f2 che ho vissuto\u2026nonostante tutto continuo a voler bene a questa persona e con questo non incolpo nessuno perch\u00e8 in questi casi non ci sono colpevoli.\u201d<\/p>\n<p>Infine: \u201cNon tutto \u00e8 andato come speravo, ma sono certa di tante cose e una tra queste \u00e8 che costruire abbia pi\u00f9 valore del distruggere ed \u00e8 con questa intenzione che continuer\u00f2 a camminare, per me e per la forza silenziosa che porter\u00f2 dentro\u201d.\u00a0<\/p>\n<p>La loro relazione, nata <a href=\"https:\/\/www.today.it\/gossip\/vip\/uomini-donne-gianmarco-sceglie-cristina.html\" rel=\"nofollow noopener\" target=\"_blank\">al termine del percorso di tronista<\/a> di Gianmarco, non aveva mai convinto fino in fondo il pubblico e i fedelissimi del programma. E&#8217; sempre sembrata una scelta di ripiego che ha fomentato una serie di voci che parlavano di loro come di una coppia fake. Nei mesi scorsi si erano pi\u00f9 volte rincorse voci di rottura, prontamente smentite da loro ma, leggendo anche il post di Cristina, forse un po&#8217; di verit\u00e0 c&#8217;era.<\/p>\n<p>\u00a0<\/p>\n","protected":false},"excerpt":{"rendered":"Dopo settimane in cui si rincorreva la voce sui social, \u00e8 arrivata la conferma dai diretti interessati: Gianmarco&hellip;\n","protected":false},"author":3,"featured_media":121597,"comment_status":"","ping_status":"","sticky":false,"template":"","format":"standard","meta":{"footnotes":""},"categories":[174],"tags":[203,204,1537,90,89,9240],"class_list":{"0":"post-121596","1":"post","2":"type-post","3":"status-publish","4":"format-standard","5":"has-post-thumbnail","7":"category-intrattenimento","8":"tag-entertainment","9":"tag-intrattenimento","10":"tag-it","11":"tag-italia","12":"tag-italy","13":"tag-uomini-e-donne"},"share_on_mastodon":{"url":"","error":""},"_links":{"self":[{"href":"https:\/\/www.europesays.com\/it\/wp-json\/wp\/v2\/posts\/121596","targetHints":{"allow":["GET"]}}],"collection":[{"href":"https:\/\/www.europesays.com\/it\/wp-json\/wp\/v2\/posts"}],"about":[{"href":"https:\/\/www.europesays.com\/it\/wp-json\/wp\/v2\/types\/post"}],"author":[{"embeddable":true,"href":"https:\/\/www.europesays.com\/it\/wp-json\/wp\/v2\/users\/3"}],"replies":[{"embeddable":true,"href":"https:\/\/www.europesays.com\/it\/wp-json\/wp\/v2\/comments?post=121596"}],"version-history":[{"count":0,"href":"https:\/\/www.europesays.com\/it\/wp-json\/wp\/v2\/posts\/121596\/revisions"}],"wp:featuredmedia":[{"embeddable":true,"href":"https:\/\/www.europesays.com\/it\/wp-json\/wp\/v2\/media\/121597"}],"wp:attachment":[{"href":"https:\/\/www.europesays.com\/it\/wp-json\/wp\/v2\/media?parent=121596"}],"wp:term":[{"taxonomy":"category","embeddable":true,"href":"https:\/\/www.europesays.com\/it\/wp-json\/wp\/v2\/categories?post=121596"},{"taxonomy":"post_tag","embeddable":true,"href":"https:\/\/www.europesays.com\/it\/wp-json\/wp\/v2\/tags?post=121596"}],"curies":[{"name":"wp","href":"https:\/\/api.w.org\/{rel}","templated":true}]}}