{"id":121788,"date":"2025-09-21T12:39:14","date_gmt":"2025-09-21T12:39:14","guid":{"rendered":"https:\/\/www.europesays.com\/it\/121788\/"},"modified":"2025-09-21T12:39:14","modified_gmt":"2025-09-21T12:39:14","slug":"residenze-e-co-housing-al-parisetti-ma-per-il-progetto-servono-6-milioni","status":"publish","type":"post","link":"https:\/\/www.europesays.com\/it\/121788\/","title":{"rendered":"Residenze e co-housing al Parisetti, ma per il progetto servono 6 milioni"},"content":{"rendered":"<p> <strong>Reggio Emilia <\/strong>Non \u00e8 inusuale, parlandone, sentirsi dire che \u00abera il grande sogno di Raffaele Leoni\u00bb, l\u2019indimenticato amministratore pubblico scomparso prematuramente nell\u2019agosto scorso. Il sogno dell\u2019ex presidente dell\u2019Asp Reggio Emilia &#8211; Citt\u00e0 delle Persone era quello di <strong>una profonda riqualificazione dell\u2019Omozzoli Parisetti,<\/strong> la casa di riposo che, nella centralissima via Toschi, ospita da decenni persone anziane e fragili ma comunque autosufficienti. E lo fa all\u2019interno di un palazzo le cui mura hanno alle spalle pi\u00f9 di seicento anni di storia, che fanno dell\u2019Omozzoli Parisetti il pi\u00f9 antico ospizio d\u2019Europa. E quello di provare a rendere concreto il \u201csogno\u201d di Raffaele Leoni \u00e8 un impegno comune che hanno assunto sia l\u2019Associazione \u201cAmici dell\u2019Omozzoli Parisetti, guidata dall\u2019ex dirigente di banca Ennio Ferrarini sia la presidente dell\u2019Asp \u201cCitt\u00e0 delle Persone\u201d, Mariella Martini. Il sogno \u00abIl nostro obiettivo \u2013 diceva nei mesi scorsi Ferrarini, intervistato proprio dalla Gazzetta \u2013 \u00e8 quello di poter collaborare con Asp e Comune, per trasformare l\u2019Omozzoli Parisetti di oggi in un modello di cohousing moderno nel cuore del centro storico. Auspichiamo la creazione di un ambiente funzionale ed accogliente in cui possano vivere le persone bisognose che gi\u00e0 accogliamo nella nostra struttura, creando per\u00f2 anche le condizioni affinch\u00e9 negli spazi che si andrebbero a creare possano essere accolti anche anziani pi\u00f9 benestanti\u00bb. <\/p>\n<p> Lontano anni luce da ogni intento classista, <strong>il progetto di un nuovo Omozzoli Parisetti mira semmai a sfruttare tutto lo spazio di una struttura che, oltre all\u2019inevitabile usura del tempo, ha subito pi\u00f9 di altre quello tsunami che \u00e8 stata la pandemia<\/strong>. Non \u00e8 un caso che il progetto di una radicale riqualificazione dell\u2019Omozzoli Parisetti abbia ripreso un po\u2019 di fiato sul finire dello scorso anno quando in Comune si \u00e8 svolto un incontro per vedere come fosse possibile ricominciare a parlarne. Gi\u00e0, ma su quali basi? La presidente dell\u2019Asp \u201cReggio Emilia- Citt\u00e0 delle Persone\u201d Mariella Martini \u00e8 tra coloro che in questi mesi si \u00e8 adoperata, assieme agli enti locali, per vedere se&#8230; il sogno pu\u00f2 diventare realt\u00e0. \u00abIl primo problema, inutile negarlo \u2013 dice l\u2019ex dg dell\u2019Azienda Usl di Reggio \u2013 riguarda i costi di una operazione di questo tipo\u00bb. Costi che in questi anni sono aumentati notevolmente, passando dai 4 milioni preventivati all\u2019inizio fino a una somma che si aggirerebbe oggi attorno ai 6milioni. Il progetto \u00abL\u2019idea alla base del progetto \u2013 spiega Martini &#8211; \u00e8 quella di rendere pi\u00f9 funzionali gli spazi di cui questa struttura storica dispone, creando soluzioni di co-housing o addirittura piccole residenze che aiutino e incoraggino ulteriormente l\u2019autonomia di queste persone anziane\u00bb.<\/p>\n<p><strong>Gi\u00e0 perch\u00e9 la caratteristica dell\u2019Omozzoli Parisetti, che la distingue dalle altre strutture per anziani sparse sul territorio \u00e8 che ospita soltanto anziani autosufficienti<\/strong>. E le rette coprono poco pi\u00f9 del 60% delle spese: \u00abIn questo periodo \u2013 spiega la presidente \u2013 sono 42 le persone ospitate in una struttura che \u00e8 omologata per accoglierne il doppio, sia pure in camere da 4 letti. Complessivamente in un anno, la struttura genera spese per 1,4 milioni, mentre le entrate derivate dalle rette arrivano a 900 mila euro.<\/p>\n<p><strong>La situazione <\/strong><br \/>\u00abDopo il Covid che ha inciso pesantemente sul numero di persone ospitate in struttura \u2013 sottolinea Martini \u2013 abbiamo cercato di ottimizzare le spese, evitando ad esempio dispersioni di energia e altri consumi. In questo senso si spiega, ad esempio, la chiusura del terzo piano e la conseguente decisione di concentrare gli ospiti nei primi due piani dello stabile. Tutte misure che hanno dato e continuano a dare i risultati sperati grazie al grande impegno e alla professionalit\u00e0 del personale che lavora all\u2019interno dell\u2019Omozzoli Parisetti che voglio ringraziare una volta di pi\u00f9. Al netto di queste operazioni \u2013 spiega \u2013 il disequilibrio viene ripianato ogni anno dai soci e sicuramente un investimento come quello alla base del progetto di cui si parla potrebbe portare vantaggi anche da questo punto di vista\u00bb. <\/p>\n<p><strong>Gli ostacoli<\/strong><br \/>Servono soldi, dunque, e il paradosso \u00e8 che se usciamo dal semplice conto entrate e uscite, l\u2019Asp di Reggio Emilia dispone di un patrimonio ingente, che va dalle strutture dell\u2019Ex Osea e dei Santi Pietro e Matteo, fino allo stesso Palazzo Ancini, che oggi ospita nientemeno che alcuni importanti uffici di rappresentanza del Comune, fino ad arrivare ad altri immobili fuori provincia come, ad esempio, la caserma dei carabinieri di Anzola Emilia. \u00ab\u00c8 evidente \u2013 sottolinea la presidente di Asp \u2013 che non \u00e8 affatto facile attingere a questo patrimonio. Da qui la necessit\u00e0 di trovare canali alternativi di finanziamento che possano consentirci di intraprendere concretamente questo percorso\u00bb. In questa ricerca, ci tiene a sottolineare Martini \u00abl\u2019Asp non \u00e8 sola: al nostro fianco c\u2019\u00e8 il preziosissimo contributo dell\u2019Associaziobe Amici dell\u2019Omozzoli-Parisetti, sia in termini di idee e proposte, sia in termini concreti con esempi di volontariato ammirevoli\u00bb. Invero, l\u2019altro grande tema che in qualche modo si frappone a questa operazione \u00e8 legata ai tempi e ai modi di un ipotetico cantiere. In soldoni: dove andrebbero temporaneamente trasferiti gli ospiti che attualmente abitano all\u2019interno dell\u2019Omozzoli Parisetti? La domanda \u00e8 circolata anche nei mesi scorsi, senza peraltro trovare una risposta certa, ma c\u2019\u00e8 in Comune c\u2019\u00e8 chi, particolarmente ottimista, sostiene che una volta risolto questo aspetto logistico, i soldi si troverebbero.l \u00a9 RIPRODUZIONE RISERVATA <\/p>\n","protected":false},"excerpt":{"rendered":"Reggio Emilia Non \u00e8 inusuale, parlandone, sentirsi dire che \u00abera il grande sogno di Raffaele Leoni\u00bb, l\u2019indimenticato amministratore&hellip;\n","protected":false},"author":3,"featured_media":121789,"comment_status":"","ping_status":"","sticky":false,"template":"","format":"standard","meta":{"footnotes":""},"categories":[173],"tags":[1537,90,89,195,198,199,197,200,201,194,196],"class_list":{"0":"post-121788","1":"post","2":"type-post","3":"status-publish","4":"format-standard","5":"has-post-thumbnail","7":"category-scienza-e-tecnologia","8":"tag-it","9":"tag-italia","10":"tag-italy","11":"tag-science","12":"tag-science-and-technology","13":"tag-scienceandtechnology","14":"tag-scienza","15":"tag-scienza-e-tecnologia","16":"tag-scienzaetecnologia","17":"tag-technology","18":"tag-tecnologia"},"share_on_mastodon":{"url":"","error":""},"_links":{"self":[{"href":"https:\/\/www.europesays.com\/it\/wp-json\/wp\/v2\/posts\/121788","targetHints":{"allow":["GET"]}}],"collection":[{"href":"https:\/\/www.europesays.com\/it\/wp-json\/wp\/v2\/posts"}],"about":[{"href":"https:\/\/www.europesays.com\/it\/wp-json\/wp\/v2\/types\/post"}],"author":[{"embeddable":true,"href":"https:\/\/www.europesays.com\/it\/wp-json\/wp\/v2\/users\/3"}],"replies":[{"embeddable":true,"href":"https:\/\/www.europesays.com\/it\/wp-json\/wp\/v2\/comments?post=121788"}],"version-history":[{"count":0,"href":"https:\/\/www.europesays.com\/it\/wp-json\/wp\/v2\/posts\/121788\/revisions"}],"wp:featuredmedia":[{"embeddable":true,"href":"https:\/\/www.europesays.com\/it\/wp-json\/wp\/v2\/media\/121789"}],"wp:attachment":[{"href":"https:\/\/www.europesays.com\/it\/wp-json\/wp\/v2\/media?parent=121788"}],"wp:term":[{"taxonomy":"category","embeddable":true,"href":"https:\/\/www.europesays.com\/it\/wp-json\/wp\/v2\/categories?post=121788"},{"taxonomy":"post_tag","embeddable":true,"href":"https:\/\/www.europesays.com\/it\/wp-json\/wp\/v2\/tags?post=121788"}],"curies":[{"name":"wp","href":"https:\/\/api.w.org\/{rel}","templated":true}]}}