{"id":121984,"date":"2025-09-21T15:01:27","date_gmt":"2025-09-21T15:01:27","guid":{"rendered":"https:\/\/www.europesays.com\/it\/121984\/"},"modified":"2025-09-21T15:01:27","modified_gmt":"2025-09-21T15:01:27","slug":"giuliano-ugl-gli-italiani-credono-nella-sanita-digitale","status":"publish","type":"post","link":"https:\/\/www.europesays.com\/it\/121984\/","title":{"rendered":"Giuliano (Ugl): \u201cgli italiani credono nella sanit\u00e0 digitale"},"content":{"rendered":"<p>        <img loading=\"lazy\" decoding=\"async\" width=\"600\" height=\"328\" class=\"entry-thumb\" src=\"https:\/\/www.europesays.com\/it\/wp-content\/uploads\/2025\/09\/giuliano-ugl.jpg\"   alt=\"\" title=\"giuliano ugl\"\/><\/p>\n<p>L\u2019indagine, realizzata su un campione di oltre 5.200 persone, mostra che:<\/p>\n<p>il 78% \u00e8 disposto a utilizzare la telemedicina per visite, prescrizioni e controlli;<\/p>\n<p>il 70% ne ha almeno sentito parlare, e il 55% ne ha un\u2019opinione positiva;<\/p>\n<p>oltre il 60% ha rinunciato a cure per motivi economici o di tempo.<\/p>\n<p>\u201cQuesto \u00e8 un dato allarmante e, allo stesso tempo, un\u2019opportunit\u00e0. Il disagio economico e logistico che porta milioni di cittadini a rinunciare alle cure pu\u00f2 essere in parte superato proprio grazie alla digital health. La tecnologia pu\u00f2 ridurre liste d\u2019attesa, facilitare l\u2019accesso alle prestazioni e portare la sanit\u00e0 dove oggi non arriva.\u201d<\/p>\n<p>Secondo Giuliano, il digitale rappresenta una leva fondamentale di equit\u00e0 e deve essere integrato strutturalmente nel Servizio Sanitario Nazionale.<\/p>\n<p>\u201cLa telemedicina deve essere garantita come servizio pubblico universale. Per farlo servono:<\/p>\n<p>infrastrutture tecnologiche solide su tutto il territorio nazionale;<\/p>\n<p>formazione specifica per il personale sanitario;<\/p>\n<p>piattaforme interoperabili tra Regioni e strutture;<\/p>\n<p>il pieno inserimento della telemedicina tra i Livelli Essenziali di Assistenza (LEA).\u201d<\/p>\n<p>Il Segretario UGL Salute sottolinea anche l\u2019importanza del coinvolgimento attivo dei lavoratori nella transizione digitale.<\/p>\n<p>\u201cDigitalizzare non significa sostituire il personale, ma metterlo in condizione di lavorare meglio. Chiediamo che ogni passo verso l\u2019innovazione sia accompagnato da contrattazione, tutele adeguate, formazione continua e riconoscimento delle nuove competenze.\u201d<\/p>\n<p>Conclusione:<\/p>\n<p>\u201cGli italiani vogliono una sanit\u00e0 pi\u00f9 semplice, accessibile, vicina. Il digitale pu\u00f2 aiutarci a costruirla, ma non pu\u00f2 essere lasciato all\u2019improvvisazione o solo al privato. Il SSN deve guidare questo cambiamento, e UGL Salute \u00e8 pronta a fare la propria parte con proposte concrete e spirito costruttivo.\u201d\u00a0<\/p>\n<p><img decoding=\"async\" loading=\"lazy\" id=\"img1616147217455\" title=\"UGL SALUTE LOGO rid 1.jpg\" src=\"https:\/\/webmail.aruba.it\/smart\/cgi-bin\/ajaxmail?Act_View=1&amp;_HID_=893E759F45B83086194F7238CB4CEC3F&amp;R_Folder=SU5CT1g=&amp;msgID=82900&amp;Body=1.2.2\" alt=\"\"\/><\/p>\n<p>&#13;<br \/>\n\t\t\t\t Visualizzazioni: 43&#13;\n\t\t\t<\/p>\n","protected":false},"excerpt":{"rendered":"L\u2019indagine, realizzata su un campione di oltre 5.200 persone, mostra che: il 78% \u00e8 disposto a utilizzare la&hellip;\n","protected":false},"author":3,"featured_media":121985,"comment_status":"","ping_status":"","sticky":false,"template":"","format":"standard","meta":{"footnotes":""},"categories":[1481],"tags":[2065,2066,239,2063,2064,1537,90,89,240],"class_list":{"0":"post-121984","1":"post","2":"type-post","3":"status-publish","4":"format-standard","5":"has-post-thumbnail","7":"category-assistenza-sanitaria","8":"tag-assistenza-sanitaria","9":"tag-assistenzasanitaria","10":"tag-health","11":"tag-health-care","12":"tag-healthcare","13":"tag-it","14":"tag-italia","15":"tag-italy","16":"tag-salute"},"share_on_mastodon":{"url":"","error":""},"_links":{"self":[{"href":"https:\/\/www.europesays.com\/it\/wp-json\/wp\/v2\/posts\/121984","targetHints":{"allow":["GET"]}}],"collection":[{"href":"https:\/\/www.europesays.com\/it\/wp-json\/wp\/v2\/posts"}],"about":[{"href":"https:\/\/www.europesays.com\/it\/wp-json\/wp\/v2\/types\/post"}],"author":[{"embeddable":true,"href":"https:\/\/www.europesays.com\/it\/wp-json\/wp\/v2\/users\/3"}],"replies":[{"embeddable":true,"href":"https:\/\/www.europesays.com\/it\/wp-json\/wp\/v2\/comments?post=121984"}],"version-history":[{"count":0,"href":"https:\/\/www.europesays.com\/it\/wp-json\/wp\/v2\/posts\/121984\/revisions"}],"wp:featuredmedia":[{"embeddable":true,"href":"https:\/\/www.europesays.com\/it\/wp-json\/wp\/v2\/media\/121985"}],"wp:attachment":[{"href":"https:\/\/www.europesays.com\/it\/wp-json\/wp\/v2\/media?parent=121984"}],"wp:term":[{"taxonomy":"category","embeddable":true,"href":"https:\/\/www.europesays.com\/it\/wp-json\/wp\/v2\/categories?post=121984"},{"taxonomy":"post_tag","embeddable":true,"href":"https:\/\/www.europesays.com\/it\/wp-json\/wp\/v2\/tags?post=121984"}],"curies":[{"name":"wp","href":"https:\/\/api.w.org\/{rel}","templated":true}]}}