{"id":12228,"date":"2025-07-27T17:27:11","date_gmt":"2025-07-27T17:27:11","guid":{"rendered":"https:\/\/www.europesays.com\/it\/12228\/"},"modified":"2025-07-27T17:27:11","modified_gmt":"2025-07-27T17:27:11","slug":"malore-fatale-davanti-al-san-camillo-di-comacchio-muore-turista-milanese","status":"publish","type":"post","link":"https:\/\/www.europesays.com\/it\/12228\/","title":{"rendered":"Malore fatale davanti al San Camillo di Comacchio: muore turista milanese"},"content":{"rendered":"<p>Comacchio. Tragedia nella prima mattinata di sabato 27 luglio davanti alla Casa di Comunit\u00e0 San Camillo di Comacchio. Un turista milanese di 55 anni, in vacanza in zona, \u00e8 deceduto a causa di un grave malore accusato poco prima di arrivare alla struttura sanitaria. L\u2019uomo, che lamentava forti dolori al petto, si era fatto accompagnare da un vicino di casa, confidando di trovare un pronto soccorso operativo.<\/p>\n<p>Secondo una prima ricostruzione, l\u2019uomo avrebbe cercato online una struttura sanitaria nelle vicinanze e avrebbe individuato il San Camillo, dove per\u00f2 dal 2013 non \u00e8 pi\u00f9 attivo il servizio di pronto soccorso. Oggi la struttura ospita un Cau (Centro di assistenza urgenza), pensato per casi a bassa criticit\u00e0. Il 55enne \u00e8 spirato proprio davanti all\u2019ingresso, prima ancora di poter accedere ai locali del Cau.<\/p>\n<p>Sul posto sono intervenuti i sanitari del 118, i Carabinieri e il pubblico ministero di turno. Dopo il decesso, l\u2019uomo \u00e8 stato trasferito nella camera mortuaria della stessa struttura.<\/p>\n<p>Il tragico episodio riporta l\u2019attenzione sulla necessit\u00e0 di una sempre pi\u00f9 capillare informazione ai cittadini e ai turisti. In presenza di sintomi gravi e improvvisi \u2013 come nel caso dei dolori toracici \u2013 la procedura pi\u00f9 corretta \u00e8 chiamare immediatamente il 118, che avrebbe potuto trasportare il paziente all\u2019ospedale del Delta, dove \u00e8 attivo un pronto soccorso h24 attrezzato per intervenire su quadri clinici complessi.<\/p>\n<p>In molti, per\u00f2, continuano a cercare \u201cPronto soccorso Comacchio\u201d online, trovando ancora vecchi riferimenti al San Camillo su siti non ufficiali (mentre sul sito dell\u2019Ausl Ferrara \u00e8 indicata correttamente la presenza di un Cau) che alimentano solo confusione.<\/p>\n<p>In una nota l\u2019Ausl esprime le sue condoglianze alla famiglia e spiega come il paziente sia stato soccorso immediatamente dal 118, giunto sul posto in 6 minuti. I sanitari hanno effettuato le manovre rianimatorie ma \u201ca causa della gravit\u00e0 della situazione clinica, il cuore del paziente non si \u00e8 mai ripreso ed il personale medico non ha potuto che constatarne il decesso\u201d.<\/p>\n<p>\u201cPurtroppo \u2013 proseguono \u2013 il paziente \u00e8 stato colpito da arresto cardiaco, che in Italia risulta mortale per circa 60.000 persone all\u2019anno, il 10% di tutte le morti del paese; la percentuale di sopravvivenza \u00e8 ancora molto bassa, nonostante tutte le azioni di prevenzione e intervento che vengono messe in atto e si attesta sul 6 per cento tra tutti i colpiti\u201d.<\/p>\n<p>\u201cIl rapido intervento dei mezzi di soccorso \u2013 aggiungono \u2013 dal momento della chiamata all\u2019arrivo, e le azioni rianimatorie messe in atto, non hanno potuto modificare la traiettoria di morte, peraltro purtroppo ancora molto elevata per questo tipo di patologia acuta. Pur in questo momento di dolore, l\u2019Azienda ricorda che l\u2019infarto e l\u2019arresto cardiaco sono patologie tempo dipendenti per cui l\u2019intervento rapido migliora le possibilit\u00e0 di sopravvivenza e riduzione delle complicanze\u201d.<\/p>\n<p>L\u2019Azienda ricorda che la Regione Emilia Romagna, come anche la Lombardia regione di provenienza del deceduto, hanno effettuato, nel corso degli anni, campagne di comunicazione rivolte a tutti i cittadini, sull\u2019importanza di chiamare subito il 118 a fronte di situazioni cliniche gravi e di non recarsi di persona all\u2019ospedale, quando si ravvisano sintomi quali la difficolt\u00e0 a respirare e il dolore al petto.<\/p>\n<p>\u201cGli operatori esperti del 118 \u2013 spiegano \u2013 forniscono immediate indicazioni su cosa \u00e8 opportuno fare direttamente, inviano il mezzo di soccorso pi\u00f9 idoneo oppure, qualora i sintomi risultino meno gravi, indirizzano verso la struttura sanitaria pi\u00f9 adatta alla presa in carico della situazione\u201d.<\/p>\n<p>\u201c\u00c8 sempre sconsigliato, infatti, in casi di potenziale urgenza, specie se non si conosce bene il territorio come pu\u00f2 accadere a turisti o lavoratori non residenti, \u2013 concludono \u2013 recarsi verso le strutture sanitarie pi\u00f9 vicine con mezzi propri, perch\u00e9 potrebbero non essere quelle idonee all\u2019intervento sanitario necessario. Solo i siti ufficiali delle aziende sanitarie danno garanzia di qualit\u00e0 e veridicit\u00e0 delle informazioni sanitarie, ma, comunque, in caso di emergenza-urgenza l\u2019unica azione da fare \u00e8 la telefonata al 112 (numero unico di emergenza che ha sostituito il 118)\u201d.<\/p>\n<p>\t\t\t\tGrazie per aver letto questo articolo&#8230;<\/p>\n<p>Da 20 anni\u00a0<a class=\"vglnk\" href=\"https:\/\/www.estense.com\/\" rel=\"nofollow noopener\" target=\"_blank\">Estense.com<\/a>\u00a0offre una informazione indipendente ai suoi lettori e non ha mai accettato fondi pubblici per non pesare nemmeno un centesimo sulle spalle della collettivit\u00e0. Il lavoro che svolgiamo ha un costo economico non indifferente e la pubblicit\u00e0 dei privati non sempre \u00e8 sufficiente.<br \/>Per questo chiediamo a chi quotidianamente ci legge e, speriamo, ci apprezza di darci un piccolo contributo in base alle proprie possibilit\u00e0. Anche un piccolo sostegno, moltiplicato per le decine di migliaia di ferraresi che ci leggono ogni giorno, pu\u00f2 diventare fondamentale.<\/p>\n<p>\u00a0<\/p>\n<p><strong>OPPURE <\/strong>se preferisci non usare PayPal ma un normale bonifico bancario (anche periodico) puoi intestarlo a:<\/p>\n<p><strong>Scoop Media Edit<br \/><\/strong>IBAN:\u00a0<strong>IT06D0538713004000000035119 <\/strong>(Banca BPER)<br \/>Causale:\u00a0<strong>Donazione per\u00a0<a class=\"vglnk\" href=\"https:\/\/www.estense.com\/\" rel=\"nofollow noopener\" target=\"_blank\">Estense.com<\/a><\/strong><\/p>\n","protected":false},"excerpt":{"rendered":"Comacchio. Tragedia nella prima mattinata di sabato 27 luglio davanti alla Casa di Comunit\u00e0 San Camillo di Comacchio.&hellip;\n","protected":false},"author":3,"featured_media":12229,"comment_status":"","ping_status":"","sticky":false,"template":"","format":"standard","meta":{"footnotes":"","_share_on_mastodon":"0"},"categories":[79],"tags":[2659,14,93,94,1537,90,89,7,15,11,84,91,12,85,92],"class_list":["post-12228","post","type-post","status-publish","format-standard","has-post-thumbnail","category-italia","tag-comacchio","tag-cronaca","tag-cronaca-italiana","tag-cronacaitaliana","tag-it","tag-italia","tag-italy","tag-news","tag-notizie","tag-ultime-notizie","tag-ultime-notizie-e-news-di-oggi","tag-ultime-notizie-italia","tag-ultimenotizie","tag-ultimenotizieenewsdioggi","tag-ultimenotizieitalia"],"share_on_mastodon":{"url":"","error":""},"_links":{"self":[{"href":"https:\/\/www.europesays.com\/it\/wp-json\/wp\/v2\/posts\/12228","targetHints":{"allow":["GET"]}}],"collection":[{"href":"https:\/\/www.europesays.com\/it\/wp-json\/wp\/v2\/posts"}],"about":[{"href":"https:\/\/www.europesays.com\/it\/wp-json\/wp\/v2\/types\/post"}],"author":[{"embeddable":true,"href":"https:\/\/www.europesays.com\/it\/wp-json\/wp\/v2\/users\/3"}],"replies":[{"embeddable":true,"href":"https:\/\/www.europesays.com\/it\/wp-json\/wp\/v2\/comments?post=12228"}],"version-history":[{"count":0,"href":"https:\/\/www.europesays.com\/it\/wp-json\/wp\/v2\/posts\/12228\/revisions"}],"wp:featuredmedia":[{"embeddable":true,"href":"https:\/\/www.europesays.com\/it\/wp-json\/wp\/v2\/media\/12229"}],"wp:attachment":[{"href":"https:\/\/www.europesays.com\/it\/wp-json\/wp\/v2\/media?parent=12228"}],"wp:term":[{"taxonomy":"category","embeddable":true,"href":"https:\/\/www.europesays.com\/it\/wp-json\/wp\/v2\/categories?post=12228"},{"taxonomy":"post_tag","embeddable":true,"href":"https:\/\/www.europesays.com\/it\/wp-json\/wp\/v2\/tags?post=12228"}],"curies":[{"name":"wp","href":"https:\/\/api.w.org\/{rel}","templated":true}]}}