{"id":122542,"date":"2025-09-21T21:57:15","date_gmt":"2025-09-21T21:57:15","guid":{"rendered":"https:\/\/www.europesays.com\/it\/122542\/"},"modified":"2025-09-21T21:57:15","modified_gmt":"2025-09-21T21:57:15","slug":"chioggia-ha-festeggiato-eleonora-fersino-neo-campionessa-del-mondo-di-pallavolo","status":"publish","type":"post","link":"https:\/\/www.europesays.com\/it\/122542\/","title":{"rendered":"Chioggia ha festeggiato Eleonora Fersino, neo campionessa del mondo di pallavolo"},"content":{"rendered":"<p>Chioggia si \u00e8 fermata per festeggiare Eleonora Fersino, neo campionessa del mondo con la nazionale femminile di pallavolo. Tra applausi, foto e autografi, la pallavolista ha incontrato \u00a0i giovani atleti locali, mentre il sindaco Mauro Armelao ha sottolineato il ruolo fondamentale della famiglia nel successo di Eleonora<\/p>\n<p>Chioggia si \u00e8 fermata per accogliere e festeggiare Eleonora Fersino, la pallavolista neo campionessa del mondo con la nazionale femminile. La citt\u00e0 ha riservato alla sua campionessa un\u2019accoglienza calorosa, fatta di applausi, foto e autografi, con la partecipazione di tanti ragazzi e ragazze impegnati nelle varie societ\u00e0 e associazioni sportive locali. A condurre il pomeriggio di festa, guidando con ordine i momenti di incontro tra la campionessa e i giovani pallavolisti del territorio, lo speaker Marco Lanza<\/p>\n<p><a rel=\"nofollow noopener\" target=\"_blank\" href=\"https:\/\/www.instagram.com\/gelateriagiannipadova\/\"><br \/>\n <img decoding=\"async\" id=\"img_9313d3a\" loading=\"lazy\" data-nosnippet=\"\" aria-hidden=\"true\" src=\"https:\/\/www.europesays.com\/it\/wp-content\/uploads\/2025\/08\/1753083168616.png\" alt=\"1753083168616.png\"\/><br \/>\n <\/a><\/p>\n<p data-start=\"527\" data-end=\"962\"><strong data-start=\"527\" data-end=\"560\">\u00a0<\/strong>\u201c\u00c8 stato uno spettacolo emozionante,\u201d ha raccontato Eleonora Fersino. \u201cMi aspettavo qualche presenza, perch\u00e9 so che la pallavolo \u00e8 seguita, ma non fino a questo punto. \u00c8 stata una gioia enorme vedere cos\u00ec tante persone felici per me e per tutta la citt\u00e0 di Chioggia. Ho visto anche tanti volti noti, amici e conoscenti, e questo mi ha dato una grande soddisfazione. Avevo il cuore pieno di gioia.\u201d<img loading=\"lazy\" decoding=\"async\" src=\"https:\/\/www.europesays.com\/it\/wp-content\/uploads\/2025\/09\/eleonora_fersino-1758489536348.jpg\" alt=\"\" width=\"1080\" height=\"955\"\/><\/p>\n<p>Eleonora ha\u00a0 iniziato a giocare a beach volley \u00a0nella spiaggia di Sottomarina, grazie a sua sorella Laura, per poi approdare nella locale societ\u00e0 volley e poco dopo due anni \u00e8 volata nella societ\u00e0 del San Don\u00e0 di Piave, dove veniva accompagnata dai genitori per gli allenamenti. La neocampionessa per la prossima stagione agonistica giocher\u00e0 nel Monza.<\/p>\n<p><a rel=\"nofollow noopener\" target=\"_blank\" href=\"https:\/\/www.teatrostabileveneto.it\/titize-a-venetian-dream-teatro-goldoni-venezia\"><br \/>\n <img decoding=\"async\" id=\"img_5490694\" loading=\"lazy\" data-nosnippet=\"\" aria-hidden=\"true\" src=\"https:\/\/www.europesays.com\/it\/wp-content\/uploads\/2025\/08\/1752478404998.gif\" alt=\"1752478404998.gif\"\/><br \/>\n <\/a><\/p>\n<p data-start=\"964\" data-end=\"1557\"><strong data-start=\"964\" data-end=\"992\">\u00a0<\/strong>Il sindaco di Chioggia, Mauro Armelao, ha voluto sottolineare l\u2019importanza della famiglia nel percorso della campionessa: \u201cAbbiamo voluto festeggiare Eleonora come si fa con i veri campioni, come \u00e8 lei. Nella foto scelta per la locandina della festa \u00a0c\u2019\u00e8 \u00a0Eleonora con la medaglia, in mezzo a mamma e pap\u00e0. \u00c8 un messaggio chiaro sull\u2019importanza della famiglia-sottolinea il primo cittadino- \u00e8 il sostegno fondamentale per i giovani, anche nello sport a livello internazionale. Le associazioni sportive sono essenziali, certo, ma senza una famiglia che accompagna e sostiene il proprio figlio, i grandi risultati sarebbero impossibili.\u201d<img loading=\"lazy\" decoding=\"async\" src=\"https:\/\/www.europesays.com\/it\/wp-content\/uploads\/2025\/09\/fersino_e_giunta-1758489591676.jpg\" alt=\"\" width=\"1280\" height=\"960\"\/><\/p>\n<p data-start=\"1559\" data-end=\"1907\"><strong data-start=\"1559\" data-end=\"1600\">\u00a0<\/strong>La giornata di festa ha visto la partecipazione attiva dei giovani atleti locali, tra applausi, domande e selfie con la campionessa. Un momento che ha rafforzato il legame tra Eleonora Fersino e la sua citt\u00e0, ricordando come lo sport possa essere veicolo di valori, passione e orgoglio per la comunit\u00e0.<\/p>\n<p><a rel=\"nofollow noopener\" target=\"_blank\" href=\"https:\/\/www.itsturismo.it\/hospitality-marketingcommunication-chioggia-ve\/\"><br \/>\n <img decoding=\"async\" id=\"img_87de613\" loading=\"lazy\" data-nosnippet=\"\" aria-hidden=\"true\" src=\"https:\/\/www.europesays.com\/it\/wp-content\/uploads\/2025\/08\/1751273530997.jpg\" alt=\"1751273530997.jpg\"\/><br \/>\n <\/a><br \/>\n\t\t\t<script async src=\"\/\/www.instagram.com\/embed.js\"><\/script><\/p>\n","protected":false},"excerpt":{"rendered":"Chioggia si \u00e8 fermata per festeggiare Eleonora Fersino, neo campionessa del mondo con la nazionale femminile di pallavolo.&hellip;\n","protected":false},"author":3,"featured_media":122543,"comment_status":"","ping_status":"","sticky":false,"template":"","format":"standard","meta":{"footnotes":""},"categories":[1474],"tags":[2212,82526,22974,13306,1537,90,89,82525,26204,35227,245,244,1869],"class_list":{"0":"post-122542","1":"post","2":"type-post","3":"status-publish","4":"format-standard","5":"has-post-thumbnail","7":"category-volley","8":"tag-beach-volley","9":"tag-campionessa-del-mondo","10":"tag-chioggia","11":"tag-eleonora-fersino","12":"tag-it","13":"tag-italia","14":"tag-italy","15":"tag-mauro-armelao","16":"tag-pallavolista","17":"tag-sottomarina","18":"tag-sport","19":"tag-sports","20":"tag-volley"},"share_on_mastodon":{"url":"","error":""},"_links":{"self":[{"href":"https:\/\/www.europesays.com\/it\/wp-json\/wp\/v2\/posts\/122542","targetHints":{"allow":["GET"]}}],"collection":[{"href":"https:\/\/www.europesays.com\/it\/wp-json\/wp\/v2\/posts"}],"about":[{"href":"https:\/\/www.europesays.com\/it\/wp-json\/wp\/v2\/types\/post"}],"author":[{"embeddable":true,"href":"https:\/\/www.europesays.com\/it\/wp-json\/wp\/v2\/users\/3"}],"replies":[{"embeddable":true,"href":"https:\/\/www.europesays.com\/it\/wp-json\/wp\/v2\/comments?post=122542"}],"version-history":[{"count":0,"href":"https:\/\/www.europesays.com\/it\/wp-json\/wp\/v2\/posts\/122542\/revisions"}],"wp:featuredmedia":[{"embeddable":true,"href":"https:\/\/www.europesays.com\/it\/wp-json\/wp\/v2\/media\/122543"}],"wp:attachment":[{"href":"https:\/\/www.europesays.com\/it\/wp-json\/wp\/v2\/media?parent=122542"}],"wp:term":[{"taxonomy":"category","embeddable":true,"href":"https:\/\/www.europesays.com\/it\/wp-json\/wp\/v2\/categories?post=122542"},{"taxonomy":"post_tag","embeddable":true,"href":"https:\/\/www.europesays.com\/it\/wp-json\/wp\/v2\/tags?post=122542"}],"curies":[{"name":"wp","href":"https:\/\/api.w.org\/{rel}","templated":true}]}}