{"id":123591,"date":"2025-09-22T12:16:10","date_gmt":"2025-09-22T12:16:10","guid":{"rendered":"https:\/\/www.europesays.com\/it\/123591\/"},"modified":"2025-09-22T12:16:10","modified_gmt":"2025-09-22T12:16:10","slug":"sciopero-per-gaza-oggi-22-settembre-treni-metro-e-autobus-orari-e-cancellazioni-a-milano-scontri-con-la-polizia-a-torino-binari-occupati-dai-manifestanti","status":"publish","type":"post","link":"https:\/\/www.europesays.com\/it\/123591\/","title":{"rendered":"Sciopero per Gaza, oggi 22 settembre | Treni, metro e autobus: orari e cancellazioni. A Milano scontri con la polizia, a Torino binari occupati dai manifestanti"},"content":{"rendered":"<p>\t\t\tOltre 4 mila in manifestazione al porto a Genova<\/p>\n<p>Sono oltre 4 mila le persone, studenti e lavoratori, che hanno riempito la zona del varco di San Benigno e Albertazzi, all&#8217;imbocco del porto di Genova, al grido di \u00abViva Palestina\u00bb nel giorno dello sciopero generale indetto da USB e promosso dai portuali del Calp. <b>Tra i manifestanti, alunni di ogni et\u00e0, docenti, genitori, lavoratori dei trasporti, della scuola, vigili del fuoco, tutti uniti dalle bandiere palestinesi e dagli striscioni a sostegno di Gaza<\/b>, \u00abcontro il genocidio in corso\u00bb, gridano i presenti. Nessun momento di contatto o tensione con la polizia. Dopo i due cortei partiti da parti opposte della citt\u00e0 e riunitisi in porto, un altro maxi corteo \u00e8 in programma alle 14:30. <b>\u00abI numeri sono importanti, forse 100 volte superiori rispetto alle aspettative. Si vede che la gente \u00e8 arrivata finalmente a capire che del genocidio non ne pu\u00f2 pi\u00f9<\/b>\u00bb ha detto Riccardo Rudino del Calp, tra i promotori del maxi sciopero di oggi. <b>\u00abEra giusto che il paese, normalizzato al ribasso, trovasse un momento di riscatto di dignit\u00e0 e di coraggio <\/b>e noi cerchiamo di raccoglierlo insieme alla missione umanitaria della Flotilla, missione che va sostenuta\u00bb.<\/p>\n","protected":false},"excerpt":{"rendered":"Oltre 4 mila in manifestazione al porto a Genova Sono oltre 4 mila le persone, studenti e lavoratori,&hellip;\n","protected":false},"author":3,"featured_media":123592,"comment_status":"","ping_status":"","sticky":false,"template":"","format":"standard","meta":{"footnotes":"","_share_on_mastodon":"0"},"categories":[6],"tags":[8151,2748,82985,82986,82987,82951,7705,82988,82989,82990,3534,82991,839,82992,82993,7554,14299,6902,2537,1495,4157,118,33,82994,7961,1262,3749,82952,82953,10433,82995,82996,82997,82998,19029,2109,1026,8722,82999,83000,2285,82954,58524,52734,2333,82955,83001,62807,83002,83003,8980,16961,586,12961,31083,82942,82956,42041,3844,925,82957,803,804,10172,82958,6913,82959,82960,445,56366,8984,6682,446,2275,66472,4864,790,53964,13416,14,937,17649,2594,82961,56942,82962,7216,13989,769,2688,322,323,1346,82963,82964,82965,783,82943,82966,2779,66691,73,82967,82968,774,14162,807,5183,9728,59366,59367,830,8,82969,82940,82970,82971,26559,82972,72,1537,90,89,9324,15998,18327,82973,8285,695,13007,13720,13166,4557,6891,16251,12651,28,82974,3479,1351,14037,5983,248,7,58902,15,82,9,83,10,3205,82975,9317,6183,42160,6031,6652,76,785,771,1316,31858,29,858,5543,82944,9774,82976,531,976,82977,98,2755,62585,17211,13418,65511,3533,4425,897,7700,179,8150,9706,7301,32665,987,116,9595,28156,82978,82941,82979,82980,2061,7315,669,407,82945,82946,82947,82981,5907,82982,6313,10680,535,82983,24960,5926,59360,62554,3425,1928,13,1641,24285,4326,7232,17650,82948,11,80,84,12,81,85,3712,82949,82950,10999,82984,59144,9776,549],"class_list":["post-123591","post","type-post","status-publish","format-standard","has-post-thumbnail","category-ultime-notizie","tag-accessi","tag-accesso","tag-aderiranno","tag-aderiranno-mobilitazione","tag-aderiranno-mobilitazione-vedra","tag-aderito","tag-adesione","tag-adesione-alta","tag-adesione-alta-velocita","tag-adesione-sciopero","tag-agenti","tag-albertazzi","tag-almeno","tag-almeno-cominciare","tag-almeno-cominciare-roma","tag-alta","tag-alta-velocita","tag-altezza","tag-altra","tag-altre","tag-ancona","tag-annunciato","tag-appuntamento","tag-appuntamento-piazza","tag-armi","tag-arrivo","tag-articolo","tag-articolo-integrale","tag-articolo-integrale-corriere","tag-associazioni","tag-associazioni-studentesche","tag-astensioni","tag-astensioni-turno","tag-astensioni-turno-mattina","tag-atm","tag-attenzione","tag-atto","tag-autobus","tag-autobus-tram","tag-autobus-tram-metro","tag-bandiera","tag-bandiera-palestina","tag-bandiera-palestinese","tag-bandiere","tag-base","tag-base-chiedere","tag-base-chiedere-cessate","tag-bellico","tag-benigno","tag-benigno-albertazzi","tag-binari","tag-blocchi","tag-bologna","tag-bus","tag-cadorna","tag-cancellati","tag-cancellati-ritardi","tag-cancellazioni","tag-centinaia","tag-centrale","tag-centrale-chiaia","tag-cessate","tag-cessate-fuoco","tag-cessate-fuoco-gaza","tag-chiaia","tag-chiedere","tag-chiedere-cessate","tag-chiedere-cessate-fuoco","tag-chiusa","tag-cinquecento","tag-circolazione","tag-cominciare","tag-comunale","tag-comunicato","tag-cordone","tag-corriere","tag-corso","tag-cortei","tag-corteo","tag-cronaca","tag-decine","tag-disagi","tag-docenti","tag-docenti-personale","tag-fasce","tag-fasce-garanzia","tag-fatta","tag-flotilla","tag-forze","tag-forze-ordine","tag-fratelli","tag-fratelli-italia","tag-fronte","tag-funicolari","tag-funicolari-centrale","tag-funicolari-centrale-chiaia","tag-fuoco","tag-fuoco-gaza","tag-fuoco-gaza-sostenere","tag-garanzia","tag-garibaldi","tag-gaza","tag-gaza-sostenere","tag-gela","tag-genocidio","tag-genova","tag-giornalisti","tag-giornata","tag-global","tag-global-sumud","tag-global-sumud-flotilla","tag-grave","tag-headlines","tag-indetta","tag-indetto","tag-indetto-unione","tag-indetto-unione-sindacale","tag-integrale","tag-integrale-corriere","tag-israele","tag-it","tag-italia","tag-italy","tag-lavoratori","tag-lezioni","tag-linee","tag-linee-metropolitana","tag-livorno","tag-locale","tag-manifestanti","tag-manifestazione","tag-manifestazioni","tag-mattina","tag-metro","tag-metropolitana","tag-migliaia","tag-milano","tag-milano-corteo","tag-minuti","tag-missione","tag-mobilitazione","tag-molte","tag-napoli","tag-news","tag-normativa","tag-notizie","tag-notizie-di-cronaca","tag-notizie-principali","tag-notiziedicronaca","tag-notizieprincipali","tag-occasione","tag-occasione-sciopero","tag-occupazione","tag-ordine","tag-organizzato","tag-organizzatori","tag-palermo","tag-palestina","tag-palestinese","tag-palestinesi","tag-particolare","tag-partira","tag-partito","tag-personale","tag-piazza","tag-piazza-cinquecento","tag-piazzale","tag-piazzale-cadorna","tag-polizia","tag-popolazione","tag-popolazione-palestinese","tag-porta","tag-porto","tag-portuali","tag-possibili","tag-presidio","tag-previste","tag-previsti","tag-prime","tag-programma","tag-protesta","tag-pubblico","tag-regionale","tag-relazioni","tag-riguarda","tag-ritardi","tag-roma","tag-salvini","tag-sapere","tag-sciopero","tag-sciopero-gaza","tag-sciopero-indetto","tag-sciopero-indetto-unione","tag-sciopero-sostegno","tag-scuola","tag-scuole","tag-servizio","tag-settembre","tag-sigle","tag-sindacale","tag-sindacale-base","tag-sindacale-base-chiedere","tag-solidarieta","tag-solidarieta-popolazione","tag-sostegno","tag-sostenere","tag-stazione","tag-stazione-centrale","tag-stop","tag-studenti","tag-sumud","tag-sumud-flotilla","tag-termini","tag-testa","tag-titoli","tag-torino","tag-tram","tag-trasporti","tag-trasporto","tag-treni","tag-treni-cancellati","tag-ultime-notizie","tag-ultime-notizie-di-cronaca","tag-ultime-notizie-e-news-di-oggi","tag-ultimenotizie","tag-ultimenotiziedicronaca","tag-ultimenotizieenewsdioggi","tag-unione","tag-unione-sindacale","tag-unione-sindacale-base","tag-usb","tag-varchi","tag-varco","tag-viale","tag-zona"],"share_on_mastodon":{"url":"","error":""},"_links":{"self":[{"href":"https:\/\/www.europesays.com\/it\/wp-json\/wp\/v2\/posts\/123591","targetHints":{"allow":["GET"]}}],"collection":[{"href":"https:\/\/www.europesays.com\/it\/wp-json\/wp\/v2\/posts"}],"about":[{"href":"https:\/\/www.europesays.com\/it\/wp-json\/wp\/v2\/types\/post"}],"author":[{"embeddable":true,"href":"https:\/\/www.europesays.com\/it\/wp-json\/wp\/v2\/users\/3"}],"replies":[{"embeddable":true,"href":"https:\/\/www.europesays.com\/it\/wp-json\/wp\/v2\/comments?post=123591"}],"version-history":[{"count":0,"href":"https:\/\/www.europesays.com\/it\/wp-json\/wp\/v2\/posts\/123591\/revisions"}],"wp:featuredmedia":[{"embeddable":true,"href":"https:\/\/www.europesays.com\/it\/wp-json\/wp\/v2\/media\/123592"}],"wp:attachment":[{"href":"https:\/\/www.europesays.com\/it\/wp-json\/wp\/v2\/media?parent=123591"}],"wp:term":[{"taxonomy":"category","embeddable":true,"href":"https:\/\/www.europesays.com\/it\/wp-json\/wp\/v2\/categories?post=123591"},{"taxonomy":"post_tag","embeddable":true,"href":"https:\/\/www.europesays.com\/it\/wp-json\/wp\/v2\/tags?post=123591"}],"curies":[{"name":"wp","href":"https:\/\/api.w.org\/{rel}","templated":true}]}}