{"id":123881,"date":"2025-09-22T15:22:11","date_gmt":"2025-09-22T15:22:11","guid":{"rendered":"https:\/\/www.europesays.com\/it\/123881\/"},"modified":"2025-09-22T15:22:11","modified_gmt":"2025-09-22T15:22:11","slug":"kia-ev4-la-prova-dellelettrica-coreana-fatta-in-europa","status":"publish","type":"post","link":"https:\/\/www.europesays.com\/it\/123881\/","title":{"rendered":"Kia EV4, la prova dell&#8217;elettrica coreana fatta in Europa"},"content":{"rendered":"<p>Un\u2019alternativa ai \u201csoliti\u201d SUV e crossover elettrici? Arriva da <strong>Kia<\/strong> con l\u2019<strong>EV4<\/strong>, che \u00e8 disponibile in Europa nei formati 5 porte e berlina 4 porte. Una scelta interessante da parte del Costruttore coreano, anche perch\u00e9 va a inserirsi nel segmento C, da sempre uno dei pi\u00f9 importanti nel Vecchio Continente.<\/p>\n<p>Una scelta &#8211; tra l&#8217;altro &#8211; su cui la Casa scommette parecchio visto che la versione 5 porte \u00e8 stata pensata e sviluppata esclusivamente per l&#8217;Europa, dove viene realizzata (nell&#8217;impianto slovacco di Zilina). Un progetto che a livello tecnico promette bene, visto che parliamo di un&#8217;autonomia di <strong>oltre 600 km<\/strong> con una singola carica.<\/p>\n<p><a href=\"#esterni\" rel=\"nofollow\">Esterni<\/a> | <a href=\"#interni\" rel=\"nofollow\">Interni<\/a> | <a href=\"#guida\" rel=\"nofollow\">Guida<\/a> | <a href=\"#prezzi\" rel=\"nofollow\">Prezzi<\/a><\/p>\n<tr>\n<td>Mi piace<\/td>\n<td>Non mi piace<\/td>\n<\/tr>\n<tr>\n<td>Consumi contenuti e autonomia elevata<\/td>\n<td>Visibilit\u00e0 anteriore limitata con alcune posizioni di guida<\/td>\n<\/tr>\n<tr>\n<td>Spazio posteriore da categoria superiore<\/td>\n<td>Display per il &#8220;clima&#8221; ridondante e coperto in parte dal volante<\/td>\n<\/tr>\n<tr>\n<td>Assetto morbido e grande focus sul comfort di guida<\/td>\n<td>\u00a0<\/td>\n<\/tr>\n<p><a id=\"esterni\"\/>Kia EV4, gli esterni<\/p>\n<p>Estetica e \u2013 soprattutto \u2013 dimensioni cambiano non poco a seconda della versione scelta. Se optate per la 5 porte avete un look da classica compatta e una <strong>lunghezza di 4,43 m<\/strong>, mentre per la berlina 4 porte ecco un aspetto pi\u00f9 filante (e aerodinamico, tanto che la Casa coreana parla di un coefficiente aerodinamico di 0,23, tra i pi\u00f9 bassi della categoria) e ben 4,73 m da paraurti a paraurti.<\/p>\n<p>        <img decoding=\"async\" src=\"https:\/\/www.europesays.com\/it\/wp-content\/uploads\/2025\/07\/16x9-tr.png\" alt=\"Kia EV4, la prova su strada\" width=\"16\" height=\"9\" loading=\"lazy\"\/><\/p>\n<p>Foto di: Kia<\/p>\n<p>        <img decoding=\"async\" src=\"https:\/\/www.europesays.com\/it\/wp-content\/uploads\/2025\/07\/16x9-tr.png\" alt=\"Kia EV4, la prova su strada\" width=\"16\" height=\"9\" loading=\"lazy\"\/><\/p>\n<p>Foto di: Kia<\/p>\n<p>La 5 porte ha la coda tronca che rimanda all\u2019EV3, mentre la berlina \u00e8 pi\u00f9 elaborata \u2013 e forse pi\u00f9 originale &#8211; nella parte posteriore. In entrambi i casi, l\u2019anteriore della <a href=\"https:\/\/it.motor1.com\/kia\/\" data-inline-widget=\"internal-links\" data-type-id=\"2\" data-params=\"%7B%22alias%22%3A%22kia%22%7D\" rel=\"nofollow noopener\" target=\"_blank\">Kia<\/a> \u00e8 caratterizzato da un cofano lungo e spiovente affiancato da fari a sviluppo verticale molto affilati.<\/p>\n<tr>\n<td>Lunghezza<\/td>\n<td>Larghezza<\/td>\n<td>Altezza<\/td>\n<td>Passo<\/td>\n<\/tr>\n<tr>\n<td>4,43 metri<\/td>\n<td>1,86 metri<\/td>\n<td>1,49 metri<\/td>\n<td>2,82 metri<\/td>\n<\/tr>\n<p><a id=\"interni\"\/>Kia EV4, gli interni<\/p>\n<p>A bordo, quanto visto sulla EV3 viene portato a un livello successivo.<\/p>\n<p>C\u2019\u00e8 un design ancora pi\u00f9 minimalista, con la <strong>plancia<\/strong> divisa in due livelli, il primo che ospita il pannello che integra i <strong>due display da 12,3\u201d<\/strong> l\u2019uno per quadro strumenti e infotainment (con quest\u2019ultimo che consente di guardare contenuti in streaming su YouTube, Netflix e Disney+, per esempio) e il secondo su cui trovano spazio i comandi della climatizzazione e le bocchette dell\u2019aria condizionata. In mezzo, ai due display c\u2019\u00e8 un<strong> monitor da 5,3\u201d<\/strong> dedicato unicamente alla climatizzazione.\u00a0<\/p>\n<p>        <img decoding=\"async\" src=\"https:\/\/www.europesays.com\/it\/wp-content\/uploads\/2025\/07\/16x9-tr.png\" alt=\"Kia EV4, la prova su strada\" width=\"16\" height=\"9\" loading=\"lazy\"\/><\/p>\n<p>Foto di: Kia<\/p>\n<p>Tuttavia, \u00e8 probabile che quest&#8217;ultimo venga utilizzato poche volte perch\u00e9 la temperatura e l&#8217;intensit\u00e0 della ventola si possono comandare molto pi\u00f9 comodamente con dei pulsanti fisici nella zona centrale della plancia. Di fatto, il display (coperto in parte dalla corona del volante) consente di regolare i flussi d&#8217;aria e altre funzioni.<\/p>\n<p>Per quanto riguarda i <strong>rivestimenti<\/strong>, quelli della plancia dei pannelli porta sono soft touch, mentre nella parte intermedia c&#8217;\u00e8 un&#8217;elegante modanatura in tessuto. Interessante anche la scelta della plastica riciclata per la parte vicina alle maniglie delle portiere. Pi\u00f9 ruvidi, invece, i <strong>materiali<\/strong> usati nel tunnel centrale, dove si trovano davvero tanti portaoggetti (non tutti, per\u00f2, sono gommati e alcuni oggetti possono cos\u00ec scivolare quando siete in marcia).<\/p>\n<p>        <img decoding=\"async\" src=\"https:\/\/www.europesays.com\/it\/wp-content\/uploads\/2025\/07\/16x9-tr.png\" alt=\"Kia EV4, la prova su strada\" width=\"16\" height=\"9\" loading=\"lazy\"\/><\/p>\n<p>Kia EV4 5 porte, il bagagliaio<\/p>\n<p>Foto di: Kia<\/p>\n<p>Dietro, lo spazio \u00e8 sorprendente. Chi \u00e8 alto pi\u00f9 di 1,80 m ha a disposizione almeno altri 15 cm per le gambe e un buon agio per la testa, mentre al centro non c&#8217;\u00e8 l&#8217;ingombro del tunnel. L&#8217;abitabilit\u00e0, insomma, \u00e8 da segmento superiore (e ci sono pure i sedili riscaldati in alcuni allestimenti).<\/p>\n<p>Le maggiori dimensioni e la presenza di un portellone pi\u00f9 ampio danno un vantaggio importante alla berlina in termini di capacit\u00e0 del <strong>bagagliaio<\/strong>: 490 litri contro i 435 litri della 5 porte.<\/p>\n<p><a id=\"guida\"\/>Kia EV4, la guida<\/p>\n<p>La piattaforma su cui si basa l\u2019EV4 \u00e8 l\u2019<strong>E-GMP<\/strong>, gi\u00e0 vista sull\u2019EV3 e sull\u2019EV6 con architettura da 400 Volt. Due i tagli di batteria, da 58,3 kWh e 81,4 kWh, entrambi abbinati al motore anteriore da <strong>204 CV<\/strong>.<\/p>\n<p>A essere interessante \u00e8 soprattutto la versione Long Range con la batteria pi\u00f9 grande che, secondo il brand, consente di percorrere fino a 630 km (590 km, invece, per l\u2019omologa a 5 porte). Proprio quest&#8217;ultima &#8211; nel formato 5 porte, su cui Kia punta di pi\u00f9 per l&#8217;Italia, anche a giudicare dalla maggiore profondit\u00e0 del listino &#8211; \u00e8 stata la protagonista della prova tra le colline vicino a Marbella, nel Sud della Spagna.<\/p>\n<p>        <img decoding=\"async\" src=\"https:\/\/www.europesays.com\/it\/wp-content\/uploads\/2025\/07\/16x9-tr.png\" alt=\"Kia EV4, la prova su strada\" width=\"16\" height=\"9\" loading=\"lazy\"\/><\/p>\n<p>Kia EV4, la prova su strada<\/p>\n<p>Foto di: Kia<\/p>\n<p>Anche se i 204 CV non sono tantissimi per un&#8217;elettrica, lo sprint non manca all&#8217;EV4 ed \u00e8 ancora pi\u00f9 marcato nella <strong>modalit\u00e0 Sport<\/strong>. Vi dico anche che sulla carta questo livello di potenza vi convince poco, Kia ha gi\u00e0 annunciato l&#8217;arrivo di una variante a trazione integrale con doppio motore elettrico e una versione sportiva GT nel prossimo futuro.<\/p>\n<p>Lo sterzo \u00e8 corposo e relativamente reattivo, mentre la gestione degli ammortizzatori \u00e8 improntata al comfort, anche per merito degli pneumatici Michelin sviluppati appositamente per questo modello e caratterizzati da un sottile strato di schiuma interna che assorbe meglio gli urti.<\/p>\n<p>La<strong> posizione di guida<\/strong> \u00e8 quella che ci si aspetta da una compatta di segmento C non rialzata. Tuttavia, per avere una migliore percezione degli ingombri anteriori (per avere il riferimento del cofano, in sostanza) \u00e8 necessario impostare il sedile a un&#8217;altezza abbastanza innaturale. Onestamente \u00e8 l&#8217;unico neo che ho trovato a questa Kia durante la guida, dato che per il resto l&#8217;EV4 si \u00e8 dimostrata comoda, ben insonorizzata e pure efficiente.<\/p>\n<p>Nel test di circa 120 km (principalmente) su strade extraurbane, ho rilevato un <strong>consumo<\/strong> di circa 14 kWh\/100 km dal computer di bordo. Ci\u00f2 significa che \u00e8 complessivamente realistico toccare i 600 km dichiarati dal brand, almeno se non si tira il collo alla vettura e se non si percorrono lunghi tratti autostradali.<\/p>\n<p><a id=\"prezzi\"\/>Kia EV4, i prezzi<\/p>\n<p>Il listino della EV4 in formato <strong>5 porte<\/strong> si articola in quattro versioni. Si parte dalla Air che ha un prezzo base di <strong>37.950 euro<\/strong> e ha di serie tutta l&#8217;infotelematica di bordo, i cerchi da 17\u201d, la retrocamera e i principali sistemi di assistenza alla guida. Tra i vari optional figura la pompa di calore (1.000 euro).<\/p>\n<p>Passando alla Earth, troviamo\u00a0i cerchi da 19\u201d, i vetri posteriori oscurati, il portellone smart e i sedili riscaldati. \u00c8 inclusa la Digital Key 2.0 e, come optional, il pacchetto Drive Wise\/Park con Blind Spot View Monitor e telecamera a 360\u00b0. Prezzi da 41.600 euro per il modello con la batteria pi\u00f9 piccola.<\/p>\n<p>La GT-Line Launch Edition &#8211; disponibile solo con batteria Long Range &#8211; si posiziona a 48.500 euro e si distingue per lo stile sportivo, con dettagli estetici dedicati, fari a LED a matrice e interni in materiali bio (Black e Off-white).<\/p>\n<p>Infine, la GT-Line Plus ha di serie l&#8217;head-up display, l&#8217;impianto audio Harman Kardon, la ricarica V2L e il tetto apribile in vetro. Prezzo di listino: 51.500 euro.<\/p>\n<p>La variante a<strong> 4 porte<\/strong>, invece, si pu\u00f2 ordinare in Italia nell&#8217;unico allestimento GT-Line con batteria da 81,4 kWh. I contenuti sono gli stessi dell&#8217;omonimo allestimento a 5 porte e il prezzo \u00e8 di <strong>50.100 euro<\/strong>.<\/p>\n<tr>\n<td style=\"width: 50%;\">Modello<\/td>\n<td style=\"width: 50%;\">Prezzo<\/td>\n<\/tr>\n<tr>\n<td style=\"width: 50%;\">Kia EV4 Air Standard Range 5 porte<\/td>\n<td style=\"width: 50%;\">37.950 euro<\/td>\n<\/tr>\n<tr>\n<td style=\"width: 50%;\">Kia EV4 Air Long Range 5 porte<\/td>\n<td style=\"width: 50%;\">42.950 euro<\/td>\n<\/tr>\n<tr>\n<td style=\"width: 50%;\">Kia EV4 Earth Standard Range 5 porte<\/td>\n<td style=\"width: 50%;\">41.600 euro<\/td>\n<\/tr>\n<tr>\n<td style=\"width: 50%;\">Kia EV4 Earth Long Range 5 porte<\/td>\n<td style=\"width: 50%;\">46.600 euro<\/td>\n<\/tr>\n<tr>\n<td style=\"width: 50%;\">Kia EV4 GT-Line Launch Edition Long Range 5 porte<\/td>\n<td style=\"width: 50%;\">48.500 euro<\/td>\n<\/tr>\n<tr>\n<td style=\"width: 50%;\">Kia EV4 GT-Line Plus Long Range 5 porte<\/td>\n<td style=\"width: 50%;\">51.500 euro<\/td>\n<\/tr>\n<tr>\n<td style=\"width: 50%;\">Kia EV4 GT-Line Long Range 4 porte<\/td>\n<td style=\"width: 50%;\">50.100 euro<\/td>\n<\/tr>\n<p>                                Kia <\/p>\n<ul>\n<li><strong>Make:<\/strong> Kia<\/li>\n<li><strong>Model:<\/strong> <\/li>\n<li><strong>URL:<\/strong><br \/>\n                                        <a href=\"https:\/\/it.motor1.com\/kia\/ev4\/\" itemprop=\"url\" target=\"_blank\" rel=\"noopener nofollow\"><br \/>\n                                            Kia                                         <\/a>\n                                    <\/li>\n<\/ul>\n<p>                            <a href=\"http:\/\/it.motor1.com\/photos\/912542\/kia-ev4-la-prova-su-strada\/#8255920_kia-ev4-la-prova-su-strada\" class=\"msnt-photo-thumb-gallery-main-photo-box\" rel=\"nofollow noopener\" target=\"_blank\"><\/p>\n<p>                                    <img decoding=\"async\" src=\"https:\/\/www.europesays.com\/it\/wp-content\/uploads\/2025\/07\/16x9-tr.png\" loading=\"lazy\" alt=\"Kia EV4, la prova su strada\" width=\"16\" height=\"9\"\/><\/p>\n<p>                            <\/a><\/p>\n<p>                                    100                                <\/p>\n","protected":false},"excerpt":{"rendered":"Un\u2019alternativa ai \u201csoliti\u201d SUV e crossover elettrici? Arriva da Kia con l\u2019EV4, che \u00e8 disponibile in Europa nei&hellip;\n","protected":false},"author":3,"featured_media":123882,"comment_status":"","ping_status":"","sticky":false,"template":"","format":"standard","meta":{"footnotes":""},"categories":[172],"tags":[178,64577,181,33800,177,1537,90,89,83091,30584],"class_list":{"0":"post-123881","1":"post","2":"type-post","3":"status-publish","4":"format-standard","5":"has-post-thumbnail","7":"category-affari","8":"tag-affari","9":"tag-auto-coreane","10":"tag-auto-elettriche","11":"tag-berlina-3-volumi","12":"tag-business","13":"tag-it","14":"tag-italia","15":"tag-italy","16":"tag-kia-ev4","17":"tag-prove-su-strada"},"share_on_mastodon":{"url":"","error":""},"_links":{"self":[{"href":"https:\/\/www.europesays.com\/it\/wp-json\/wp\/v2\/posts\/123881","targetHints":{"allow":["GET"]}}],"collection":[{"href":"https:\/\/www.europesays.com\/it\/wp-json\/wp\/v2\/posts"}],"about":[{"href":"https:\/\/www.europesays.com\/it\/wp-json\/wp\/v2\/types\/post"}],"author":[{"embeddable":true,"href":"https:\/\/www.europesays.com\/it\/wp-json\/wp\/v2\/users\/3"}],"replies":[{"embeddable":true,"href":"https:\/\/www.europesays.com\/it\/wp-json\/wp\/v2\/comments?post=123881"}],"version-history":[{"count":0,"href":"https:\/\/www.europesays.com\/it\/wp-json\/wp\/v2\/posts\/123881\/revisions"}],"wp:featuredmedia":[{"embeddable":true,"href":"https:\/\/www.europesays.com\/it\/wp-json\/wp\/v2\/media\/123882"}],"wp:attachment":[{"href":"https:\/\/www.europesays.com\/it\/wp-json\/wp\/v2\/media?parent=123881"}],"wp:term":[{"taxonomy":"category","embeddable":true,"href":"https:\/\/www.europesays.com\/it\/wp-json\/wp\/v2\/categories?post=123881"},{"taxonomy":"post_tag","embeddable":true,"href":"https:\/\/www.europesays.com\/it\/wp-json\/wp\/v2\/tags?post=123881"}],"curies":[{"name":"wp","href":"https:\/\/api.w.org\/{rel}","templated":true}]}}