{"id":123982,"date":"2025-09-22T16:27:09","date_gmt":"2025-09-22T16:27:09","guid":{"rendered":"https:\/\/www.europesays.com\/it\/123982\/"},"modified":"2025-09-22T16:27:09","modified_gmt":"2025-09-22T16:27:09","slug":"federer-i-direttori-dei-tornei-avvantaggiano-sinner-e-alcaraz-perche-li-vogliono-in-finale","status":"publish","type":"post","link":"https:\/\/www.europesays.com\/it\/123982\/","title":{"rendered":"Federer: \u00abI direttori dei tornei avvantaggiano Sinner e Alcaraz perch\u00e9 li vogliono in finale\u00bb"},"content":{"rendered":"<p>    di<br \/>\n    Marco Calabresi<\/p>\n<p class=\"summary-art is-line-h-12\">L&#8217;accusa del grande campione svizzero: \u00abPer facilitargli il compito campi pi\u00f9 lenti e palline pi\u00f9 pesanti\u00bb<\/p>\n<p class=\"chapter-paragraph\">Quando parla Roger Federer, si ascolta a prescindere. La leggenda svizzera, ai microfoni di Served &#8211; il podcast di <b>Andy Roddick <\/b>&#8211; ha aperto una discussione che va a toccare la rivalit\u00e0 che ha sostituito quella di qualche anno fa tra <b>lui, Rafa Nadal e Novak Djokovic<\/b>. Ora \u00e8 quasi sempre<b> Jannik Sinner contro Carlos Alcaraz<\/b>, che non si incroceranno in questi giorni (lo spagnolo \u00e8 a Tokyo, l&#8217;azzurro a Pechino)<a href=\"https:\/\/www.corriere.it\/sport\/tennis\/25_settembre_20\/sinner-alejandro-resnicoff-fisioterapista-chi-e-4506cadf-68a9-41e5-9fe3-91132d07cxlk.shtml\" title=\"Sinner, chi \u00e8 il nuovo fisioterapista Alejandro Resnicoff: lo cur\u00f2 a Wimbledon contro Dimitrov\" rel=\"nofollow noopener\" target=\"_blank\"> ma si rivedranno a Shanghai.<\/a> Tema: i campi, e la possibilit\u00e0 che gli organizzatori dei tornei possano in qualche modo \u00abagevolare\u00bb le finali tra i primi due giocatori del pianeta adattando le superfici alle loro caratteristiche.\u00a0<\/p>\n<p class=\"chapter-paragraph\">\u00abCapisco i direttori del torneo che, su indicazioni, cerchino di rendere le superfici pi\u00f9 lente &#8211; le sue parole -. Questo avvantaggia chi deve colpire vincenti straordinari per battere Sinner, mentre se il campo \u00e8 veloce pu\u00f2 piazzarne solo un paio al momento giusto e passare. I direttori dei tornei pensano: &#8220;<b>Preferisco avere Sinner e Alcaraz in finale, sai?<\/b> In un certo senso funziona per il tennis&#8221;\u00bb. Federer fa anche un paragone tra la sua epoca e quella attuale: \u00abAi miei tempi solo 12 tornei contavano davvero, quindi tutti giocavano sulla superficie che preferivano, e a volte non si incontravano: quelli erano i match pi\u00f9 belli, l&#8217;attaccante contro il contrattaccante. Ora, invece, tutti giocano in maniera simile, e questo succede perch\u00e9 i direttori dei tornei hanno permesso con<b> la velocit\u00e0 delle palline e dei campi<\/b> che ogni settimana fosse praticamente uguale all&#8217;altra. Vorremmo vedere<b> Alcaraz o Sinner <\/b>sul velocissimo e poi giocare lo stesso match sul super lento, e vedere come va\u00bb.\u00a0    &#13;<br \/>\n&#13;<br \/>\n&#13;<br \/>\n&#13;<br \/>\n&#13;<br \/>\n&#13;<br \/>\n&#13;<br \/>\n&#13;<br \/>\n&#13;<br \/>\n&#13;<br \/>\n&#13;<br \/>\n&#13;<br \/>\n&#13;<br \/>\n&#13;<br \/>\n&#13;<br \/>\n&#13;<br \/>\n&#13;<br \/>\n&#13;<br \/>\n&#13;<br \/>\n&#13;<br \/>\n&#13;<br \/>\n&#13;<br \/>\n&#13;<br \/>\n&#13;<br \/>\n&#13;<br \/>\n&#13;<br \/>\n&#13;<br \/>\n&#13;<br \/>\n&#13;<br \/>\n&#13;<br \/>\n&#13;<br \/>\n&#13;<br \/>\n&#13;<br \/>\n&#13;<br \/>\n&#13;<br \/>\n&#13;<br \/>\n&#13;<br \/>\n&#13;<br \/>\n&#13;<br \/>\n&#13;<br \/>\n&#13;<br \/>\n&#13;<br \/>\n&#13;<br \/>\n&#13;<br \/>\n&#13;<br \/>\n&#13;<br \/>\n&#13;<br \/>\n&#13;<br \/>\n&#13;<br \/>\n&#13;<br \/>\n&#13;<br \/>\n&#13;<br \/>\n&#13;\n<\/p>\n<p class=\"chapter-paragraph\">Nessuna polemica, sia chiaro, anche perch\u00e9 il pensiero di Re Roger sulla rivalit\u00e0 tra <b>Sinner e Alcaraz \u00e8 ultrapositivo<\/b>: \u00abPenso che sia straordinaria per il tennis. A mio avviso tutti sapevamo che fossero molto bravi, ma probabilmente non ci aspettavamo che dominassero in questo modo fin dall&#8217;inizio. Devo ammettere che \u00e8 davvero impressionante: ma anche fantastico per il gioco. Allo stesso tempo, per\u00f2, mi chiedo per quanto tempo potranno continuare cos\u00ec: loro la fanno sembrare facile, ma io ci sono passato e in realt\u00e0 \u00e8 dura\u00bb.<\/p>\n<p class=\"is-last-update\" datetime=\"2025-09-22T14:29:23+02:00\">22 settembre 2025 ( modifica il 22 settembre 2025 | 14:29)<\/p>\n<p class=\"is-copyright\">\n            \u00a9 RIPRODUZIONE RISERVATA\n        <\/p>\n","protected":false},"excerpt":{"rendered":"di Marco Calabresi L&#8217;accusa del grande campione svizzero: \u00abPer facilitargli il compito campi pi\u00f9 lenti e palline pi\u00f9&hellip;\n","protected":false},"author":3,"featured_media":123983,"comment_status":"","ping_status":"","sticky":false,"template":"","format":"standard","meta":{"footnotes":""},"categories":[1457],"tags":[506,83173,83174,36761,83175,83176,14454,1265,2008,1278,65129,83172,19877,1426,1537,90,89,1894,14851,1271,14052,366,18118,245,244,33541,1273,1995,2959],"class_list":{"0":"post-123982","1":"post","2":"type-post","3":"status-publish","4":"format-standard","5":"has-post-thumbnail","7":"category-tennis","8":"tag-accusa","9":"tag-accusa-campione","10":"tag-accusa-campione-svizzero","11":"tag-adattando","12":"tag-adattando-superfici","13":"tag-adattando-superfici-caratteristiche","14":"tag-agevolare","15":"tag-alcaraz","16":"tag-campi","17":"tag-davvero","18":"tag-direttori","19":"tag-direttori-tornei","20":"tag-federer","21":"tag-finale","22":"tag-it","23":"tag-italia","24":"tag-italy","25":"tag-match","26":"tag-palline","27":"tag-rivalita","28":"tag-roger","29":"tag-sinner","30":"tag-sinner-alcaraz","31":"tag-sport","32":"tag-sports","33":"tag-superfici","34":"tag-tennis","35":"tag-tornei","36":"tag-vedere"},"share_on_mastodon":{"url":"","error":""},"_links":{"self":[{"href":"https:\/\/www.europesays.com\/it\/wp-json\/wp\/v2\/posts\/123982","targetHints":{"allow":["GET"]}}],"collection":[{"href":"https:\/\/www.europesays.com\/it\/wp-json\/wp\/v2\/posts"}],"about":[{"href":"https:\/\/www.europesays.com\/it\/wp-json\/wp\/v2\/types\/post"}],"author":[{"embeddable":true,"href":"https:\/\/www.europesays.com\/it\/wp-json\/wp\/v2\/users\/3"}],"replies":[{"embeddable":true,"href":"https:\/\/www.europesays.com\/it\/wp-json\/wp\/v2\/comments?post=123982"}],"version-history":[{"count":0,"href":"https:\/\/www.europesays.com\/it\/wp-json\/wp\/v2\/posts\/123982\/revisions"}],"wp:featuredmedia":[{"embeddable":true,"href":"https:\/\/www.europesays.com\/it\/wp-json\/wp\/v2\/media\/123983"}],"wp:attachment":[{"href":"https:\/\/www.europesays.com\/it\/wp-json\/wp\/v2\/media?parent=123982"}],"wp:term":[{"taxonomy":"category","embeddable":true,"href":"https:\/\/www.europesays.com\/it\/wp-json\/wp\/v2\/categories?post=123982"},{"taxonomy":"post_tag","embeddable":true,"href":"https:\/\/www.europesays.com\/it\/wp-json\/wp\/v2\/tags?post=123982"}],"curies":[{"name":"wp","href":"https:\/\/api.w.org\/{rel}","templated":true}]}}