{"id":124933,"date":"2025-09-23T04:32:18","date_gmt":"2025-09-23T04:32:18","guid":{"rendered":"https:\/\/www.europesays.com\/it\/124933\/"},"modified":"2025-09-23T04:32:18","modified_gmt":"2025-09-23T04:32:18","slug":"i-pediatri-di-famiglia-puntano-sulla-prevenzione-per-la-salute-delle-nuove-generazioni","status":"publish","type":"post","link":"https:\/\/www.europesays.com\/it\/124933\/","title":{"rendered":"I Pediatri di Famiglia puntano sulla prevenzione per la salute delle nuove generazioni"},"content":{"rendered":"<p>                    <a href=\"#\" rel=\"nofollow\" onclick=\"window.print(); return false;\" title=\"Printer Friendly, PDF &amp; Email\"><br \/>\n                    <img decoding=\"async\" class=\"pf-button-img\" src=\"https:\/\/www.europesays.com\/it\/wp-content\/uploads\/2025\/07\/printfriendly-pdf-button-nobg-md.png\" alt=\"Print Friendly, PDF &amp; Email\" style=\"width: 124px;height: 30px;\"\/><br \/>\n                    <\/a><\/p>\n<p style=\"text-align: justify;\">Rafforzare la prevenzione, sostenere la salute di bambini e valorizzare il ruolo dei Pediatri di Famiglia come presidio fondamentale di sanit\u00e0 pubblica: sono questi i temi al centro della conferenza stampa che oggi a Roma ha presentato i lavori del <strong>XIX Congresso Nazionale FIMP<\/strong>, in programma a Cagliari dal 25 al 28 settembre, dal titolo \u201c<strong>Il Pediatra di Famiglia a tutela della salute dell\u2019adulto di domani. Dalle disuguaglianze all\u2019inverno demografico, dall\u2019ambiente alle dipendenze<\/strong>\u201d.<\/p>\n<p style=\"text-align: justify;\">Attesi oltre 800 partecipanti tra Pediatri di Famiglia, Istituzioni, Societ\u00e0 Scientifiche e Associazioni, per un appuntamento che, accanto all\u2019approfondimento scientifico, metter\u00e0 al centro le sfide pi\u00f9 urgenti della pediatria territoriale, pilastro del sistema delle Cure Primarie, con l\u2019obiettivo di costruire percorsi sempre pi\u00f9 efficaci a sostegno della salute delle nuove generazioni e del futuro del Paese.<\/p>\n<p style=\"text-align: justify;\">Tra gli ambiti che vedono oggi in prima linea la Pediatria di Famiglia c\u2019\u00e8 lo screening pediatrico per l\u2019individuazione degli anticorpi del diabete di tipo 1 e della celiachia, introdotto dalla Legge 130\/2023 che ha reso l\u2019Italia il primo Paese al mondo ad adottare questa importante misura di prevenzione. Dopo i risultati molto positivi della fase pilota, che ha coinvolto 429 Pediatri di Famiglia e oltre 5.300 bambini screenati in quattro regioni, il programma \u00e8 pronto a essere esteso su scala nazionale, testimoniando il ruolo centrale della Pediatria territoriale nella diagnosi precoce di patologie ad alto impatto sociosanitario, e nella prevenzione di gravi complicanze, acute e croniche, come nel caso della chetoacidosi diabetica, che possono manifestarsi nella vita di chi convive con il diabete tipo 1. Lo screening ha evidenziato una prevalenza dell\u20191% per il diabete tipo 1 e del 2,8% per la celiachia nella fascia d\u2019et\u00e0 2-8 anni.<\/p>\n<p style=\"text-align: justify;\">\u201cIl progetto propedeutico della Legge 130\/2023 ha riscontrato un grande successo grazie non solo alla sinergia dei diversi attori chiamati a fare la loro parte per l\u2019implementazione della Legge, ma anche grazie al reclutamento della popolazione pediatrica realizzato dai Pediatri di Famiglia, pilatro fondamentale per l\u2019erogazione dell\u2019assistenza sul territorio\u201d, ha dichiarato <b>Giorgio Mul\u00e8<\/b>, Vicepresidente della Camera dei Deputati. \u201cLo screening \u00e8 uno strumento di assoluto valore per la salute dei pi\u00f9 piccoli e per il futuro del Paese. Questa \u00e8 una Legge d\u2019avanguardia che va presa ad esempio per altre patologie croniche ad alto impatto sulla salute e sui costi del Servizio Sanitario Nazionale, come l\u2019obesit\u00e0 e il sovrappeso\u201d.<\/p>\n<p style=\"text-align: justify;\">\u201cLa fase pilota ha confermato il ruolo centrale dei Pediatri di Famiglia per lo sviluppo e la riuscita di questo progetto\u201d, ha commentato <b>Antonio D\u2019Avino<\/b>, Presidente nazionale FIMP. \u201cGrazie alla presenza capillare sul territorio e al rapporto di fiducia che ci lega a famiglie, genitori e bambini, abbiamo potuto ottenere risultati importanti. Ora siamo pronti a fare la nostra parte nella fase successiva, garantendo che la macchina continui a funzionare in modo efficace e sostenibile, a totale beneficio dei nostri piccoli pazienti e della loro salute. Non bisogna dimenticare l\u2019assoluto valore di questa Legge che porta con s\u00e9 un grande elemento di forza: la disponibilit\u00e0 di dati clinici di rilievo su scala nazionale. Un patrimonio strategico per orientare la ricerca, migliorare i percorsi di cura e rendere pi\u00f9 mirate ed efficienti le politiche sanitarie\u201d, ha concluso D\u2019Avino.<\/p>\n<p style=\"text-align: justify;\">La promozione della cultura vaccinale, pilastro irrinunciabile di salute pubblica, \u00e8 al centro della missione della Pediatra di Famiglia, parte attiva non solo nel mantenere alte le coperture vaccinali in et\u00e0 pediatrica ma anche nel proporre nuove strategie di prevenzione, in linea con i pi\u00f9 recenti progressi scientifici. Come nel caso dell\u2019immunizzazione contro il Virus Respiratorio Sinciziale (VRS), principale causa di bronchiolite nei bambini sotto i due anni, che potr\u00e0 contare sull\u2019importante contributo della Pediatria di Famiglia per vaccinare sul territorio i nuovi nati durante la loro prima stagione epidemica.<\/p>\n<p style=\"text-align: justify;\">\u201cLa prevenzione vaccinale resta una delle armi pi\u00f9 efficaci che abbiamo. I Pediatri di Famiglia non sono semplici esecutori dell\u2019atto vaccinale, ma garanti della prossimit\u00e0 e del contatto diretto con le famiglie: ascoltano i dubbi, accompagnano le scelte, favoriscono l\u2019adesione consapevole alla vaccinazione e ad altre importanti misure di prevenzione. \u00c8 su questa relazione di fiducia che possiamo costruire campagne vaccinali pi\u00f9 solide, capaci di tutelare i bambini e la collettivit\u00e0, garantendo pari opportunit\u00e0 di salute su tutto il territorio nazionale\u201d, ha sottolineato<strong> Giuseppe Di Mauro<\/strong>, Responsabile delle attivit\u00e0 scientifiche FIMP e coordinatore del Comitato Scientifico del Congresso.<\/p>\n<p style=\"text-align: justify;\">Al Congresso prender\u00e0 il via un nuovo progetto che vede Pediatri di Famiglia e farmacisti insieme per rafforzare la conoscenza delle manovre salvavita in et\u00e0 pediatrica. L\u2019iniziativa, frutto di un\u2019intesa tra la FIMP e la Federazione degli Ordini dei Farmacisti Italiani (FOFI), prevede l\u2019erogazione, durante le giornate congressuali, di corsi di formazione sulle manovre di Basic Life Support, tenuti dai Pediatri di Famiglia. Un percorso che permetter\u00e0 ai farmacisti di acquisire competenze pratiche da mettere in atto nei presidi, a tutela della sicurezza e della salute dei pi\u00f9 piccoli.<\/p>\n<p style=\"text-align: justify;\">\u201cSiamo molto orgogliosi dell\u2019avvio di questa iniziativa. Un ulteriore esempio di come il lavoro di squadra e l\u2019azione sinergica tra professionisti della salute possano rafforzare il nostro Servizio Sanitario Nazionale, anche attraverso il rafforzamento della rete territoriale\u201d, ha concluso il presidente D\u2019Avino.<\/p>\n<p style=\"text-align: justify;\">Accanto a queste priorit\u00e0, il <strong>XIX Congresso Nazionale Scientifico della FIMP<\/strong> proporr\u00e0 un programma ricco e multidisciplinare, che abbraccer\u00e0 tutte le dimensioni della pediatria contemporanea: dalle malattie rare alle emergenze pediatriche, dalla prevenzione e promozione della salute, alla gestione di vecchie e nuove dipendenze, senza trascurare temi cruciali come l\u2019ambiente, l\u2019alimentazione e le nuove tecnologie.<\/p>\n<p style=\"text-align: justify;\">\u201cIl titolo del XIX Congresso Nazionale vuole lanciare un messaggio chiaro: il Pediatra di Famiglia riveste un ruolo centrale nella vita degli adulti di domani, guidando e orientando famiglie e genitori lungo il percorso di crescita dei propri figli\u201d, ha sottolineato Di Mauro. \u201cLa prevenzione, l\u2019educazione sanitaria, l\u2019adozione di corretti stili di vita sono fondamentali per tutelare il benessere psico-fisico fin dai primi giorni di vita, lungo l\u2019adolescenza e la vita adulta, fino alla vecchiaia\u201d.<\/p>\n","protected":false},"excerpt":{"rendered":"Rafforzare la prevenzione, sostenere la salute di bambini e valorizzare il ruolo dei Pediatri di Famiglia come presidio&hellip;\n","protected":false},"author":3,"featured_media":124934,"comment_status":"","ping_status":"","sticky":false,"template":"","format":"standard","meta":{"footnotes":"","_share_on_mastodon":"0"},"categories":[1481],"tags":[2065,2066,13104,83466,239,2063,2064,1537,90,89,21358,240],"class_list":["post-124933","post","type-post","status-publish","format-standard","has-post-thumbnail","category-assistenza-sanitaria","tag-assistenza-sanitaria","tag-assistenzasanitaria","tag-congresso","tag-fimp","tag-health","tag-health-care","tag-healthcare","tag-it","tag-italia","tag-italy","tag-pediatri","tag-salute"],"share_on_mastodon":{"url":"","error":""},"_links":{"self":[{"href":"https:\/\/www.europesays.com\/it\/wp-json\/wp\/v2\/posts\/124933","targetHints":{"allow":["GET"]}}],"collection":[{"href":"https:\/\/www.europesays.com\/it\/wp-json\/wp\/v2\/posts"}],"about":[{"href":"https:\/\/www.europesays.com\/it\/wp-json\/wp\/v2\/types\/post"}],"author":[{"embeddable":true,"href":"https:\/\/www.europesays.com\/it\/wp-json\/wp\/v2\/users\/3"}],"replies":[{"embeddable":true,"href":"https:\/\/www.europesays.com\/it\/wp-json\/wp\/v2\/comments?post=124933"}],"version-history":[{"count":0,"href":"https:\/\/www.europesays.com\/it\/wp-json\/wp\/v2\/posts\/124933\/revisions"}],"wp:featuredmedia":[{"embeddable":true,"href":"https:\/\/www.europesays.com\/it\/wp-json\/wp\/v2\/media\/124934"}],"wp:attachment":[{"href":"https:\/\/www.europesays.com\/it\/wp-json\/wp\/v2\/media?parent=124933"}],"wp:term":[{"taxonomy":"category","embeddable":true,"href":"https:\/\/www.europesays.com\/it\/wp-json\/wp\/v2\/categories?post=124933"},{"taxonomy":"post_tag","embeddable":true,"href":"https:\/\/www.europesays.com\/it\/wp-json\/wp\/v2\/tags?post=124933"}],"curies":[{"name":"wp","href":"https:\/\/api.w.org\/{rel}","templated":true}]}}