{"id":124961,"date":"2025-09-23T04:57:10","date_gmt":"2025-09-23T04:57:10","guid":{"rendered":"https:\/\/www.europesays.com\/it\/124961\/"},"modified":"2025-09-23T04:57:10","modified_gmt":"2025-09-23T04:57:10","slug":"scatta-la-vaccinazione-al-papilloma-virus-per-i-nati-nel-2014","status":"publish","type":"post","link":"https:\/\/www.europesays.com\/it\/124961\/","title":{"rendered":"Scatta la vaccinazione al papilloma virus per i nati nel 2014"},"content":{"rendered":"<p>Aperture straordinarie e prolungate dei Centri vaccinali Ulss 2 per favorire la pi\u00f9 ampia adesione possibile alla campagna di vaccinazione contro l\u2019HPV, grazie all\u2019impegno del personale sanitario del Servizio Igiene e Sanit\u00e0 Pubblica e alla preziosa collaborazione dei volontari LILT. Hanno ricevuto l\u2019invito alla vaccinazione, in questa fase, i ragazzi e le ragazze nati nel 2014, con indicazione dell\u2019appuntamento e di tutte le informazioni necessarie anche per l\u2019eventuale spostamento.<\/p>\n<p>\u00abLa vaccinazione contro l\u2019HPV &#8211; precisa il dr Erminio Bonsembiante, direttore del Servizio di Igiene e Sanit\u00e0 Pubblica &#8211; rappresenta uno strumento fondamentale di prevenzione del tumore del collo dell\u2019utero, dei tumori dell&#8217;area genitale maschile e femminile e di alcuni tumori orofaringei causati dal Papilloma Virus umano trasmesso per contatto diretto, generalmente sessuale. Esistono pi\u00f9 di cento ceppi di virus HPV e il vaccino a disposizione aiuta a prevenire l&#8217;infezione dai nove ceppi a maggior potenziale cancerogenico riuscendo a prevenire fino al 90% dei tumori causati da questo virus. Molti di questi ceppi sono anche responsabili dei condilomi (verruche) genitali che colpiscono uomini e donne in egual misura\u00bb.<\/p>\n<p>La somministrazione viene offerta gratuitamente sia ai maschi che femmine in giovane et\u00e0 (dai 10 anni in poi) in quanto l&#8217;efficacia del vaccino risulta essere maggiore rispetto ad individui di et\u00e0 superiore, inoltre la vaccinazione induce una protezione pi\u00f9 efficace se effettuata prima di un possibile contatto con il virus e quindi prima dell&#8217;inizio dell&#8217;attivit\u00e0 sessuale.<\/p>\n<p>Il vaccino \u00e8 efficace e sicuro: sono previste due dosi nell&#8217;arco di circa 6 mesi ed \u00e8 importante completare il ciclo vaccinale per garantire la massima protezione. L\u2019invito alle famiglie \u00e8 di cogliere questa importante opportunit\u00e0 di salute e di protezione per il futuro dei propri figli. Chi non avesse ricevuto l\u2019invito o volesse chiedere informazioni pu\u00f2 inviare una mail a:<\/p>\n<p>Punto Unico Vaccinazioni Treviso <a href=\"https:\/\/www.trevisotoday.it\/salute\/mailto:puntounicovaccinazioni@aulss2.veneto.it\" rel=\"nofollow noopener\" target=\"_blank\">puntounicovaccinazioni@aulss2.veneto.it<\/a>\u00a0<\/p>\n<p>Punto Unico Vaccinazioni Asolo <a href=\"https:\/\/www.trevisotoday.it\/salute\/mailto:sisp.asolo@aulss2.veneto.it\" rel=\"nofollow noopener\" target=\"_blank\">sisp.asolo@aulss2.veneto.it<\/a><\/p>\n<p>Punto Unico Vaccinazioni Pieve di Soligo <a href=\"https:\/\/www.trevisotoday.it\/salute\/mailto:vaccinazioni.pieve@aulss2.veneto.it\" rel=\"nofollow noopener\" target=\"_blank\">vaccinazioni.pieve@aulss2.veneto.it<\/a><\/p>\n","protected":false},"excerpt":{"rendered":"Aperture straordinarie e prolungate dei Centri vaccinali Ulss 2 per favorire la pi\u00f9 ampia adesione possibile alla campagna&hellip;\n","protected":false},"author":3,"featured_media":124962,"comment_status":"","ping_status":"","sticky":false,"template":"","format":"standard","meta":{"footnotes":""},"categories":[1512],"tags":[239,1537,90,89,69752,240,442,3976,2189,2188,2187],"class_list":{"0":"post-124961","1":"post","2":"type-post","3":"status-publish","4":"format-standard","5":"has-post-thumbnail","7":"category-vaccini","8":"tag-health","9":"tag-it","10":"tag-italia","11":"tag-italy","12":"tag-papillomavirus","13":"tag-salute","14":"tag-treviso","15":"tag-vaccinazione","16":"tag-vaccine","17":"tag-vaccines","18":"tag-vaccini"},"share_on_mastodon":{"url":"","error":""},"_links":{"self":[{"href":"https:\/\/www.europesays.com\/it\/wp-json\/wp\/v2\/posts\/124961","targetHints":{"allow":["GET"]}}],"collection":[{"href":"https:\/\/www.europesays.com\/it\/wp-json\/wp\/v2\/posts"}],"about":[{"href":"https:\/\/www.europesays.com\/it\/wp-json\/wp\/v2\/types\/post"}],"author":[{"embeddable":true,"href":"https:\/\/www.europesays.com\/it\/wp-json\/wp\/v2\/users\/3"}],"replies":[{"embeddable":true,"href":"https:\/\/www.europesays.com\/it\/wp-json\/wp\/v2\/comments?post=124961"}],"version-history":[{"count":0,"href":"https:\/\/www.europesays.com\/it\/wp-json\/wp\/v2\/posts\/124961\/revisions"}],"wp:featuredmedia":[{"embeddable":true,"href":"https:\/\/www.europesays.com\/it\/wp-json\/wp\/v2\/media\/124962"}],"wp:attachment":[{"href":"https:\/\/www.europesays.com\/it\/wp-json\/wp\/v2\/media?parent=124961"}],"wp:term":[{"taxonomy":"category","embeddable":true,"href":"https:\/\/www.europesays.com\/it\/wp-json\/wp\/v2\/categories?post=124961"},{"taxonomy":"post_tag","embeddable":true,"href":"https:\/\/www.europesays.com\/it\/wp-json\/wp\/v2\/tags?post=124961"}],"curies":[{"name":"wp","href":"https:\/\/api.w.org\/{rel}","templated":true}]}}