{"id":125001,"date":"2025-09-23T05:32:18","date_gmt":"2025-09-23T05:32:18","guid":{"rendered":"https:\/\/www.europesays.com\/it\/125001\/"},"modified":"2025-09-23T05:32:18","modified_gmt":"2025-09-23T05:32:18","slug":"con-lale-colnago-team-inizia-la-nuova-vita-della-diesse-lechner","status":"publish","type":"post","link":"https:\/\/www.europesays.com\/it\/125001\/","title":{"rendered":"Con l&#8217;Ale Colnago Team inizia la nuova vita della diesse Lechner"},"content":{"rendered":"<p class=\"\">FORMIGINE \u2013 La sua esperienza non andr\u00e0 sprecata, la sua esperienza sar\u00e0 al servizio degli atleti che diriger\u00e0 nella imminente stagione di ciclocross. <strong><a href=\"https:\/\/bici.pro\/focus\/incontri\/eva-lechner-saluto-campionessa-immensa\/\" target=\"_blank\" rel=\"noreferrer noopener nofollow\">Eva Lechner<\/a> resta nel suo habitat naturale come diesse dell\u2019<a href=\"https:\/\/www.instagram.com\/alecolnagoteam\/\" target=\"_blank\" rel=\"noreferrer noopener nofollow\">Ale Colnago Team<\/a><\/strong>, formazione modenese con ambizioni di ritagliarsi spazio e risultati in ambito nazionale ed internazionale.<\/p>\n<p class=\"\">Tra le poltroncine dell\u2019Auditorium Spira Mirabilis di Formigine ci siamo presi un momento per sentire le parole della 40enne altoatesina e capire come si appresta a ricoprire il ruolo di tecnico. <strong>Lechner appare pronta ed entusiasta di vivere il ciclocross da un altro punto di vista<\/strong>.<\/p>\n<p><img loading=\"lazy\" decoding=\"async\" width=\"1009\" height=\"500\" src=\"data:image\/svg+xml,%3Csvg%20xmlns=\" http:=\"\" alt=\"\" class=\"wp-image-434879\" data-lazy- data-lazy- data-lazy-src=\"https:\/\/www.europesays.com\/it\/wp-content\/uploads\/2025\/09\/AleColnagoTeam_2025_img_dk.jpg\"\/>Juniores, U23 e elite. Il roster dell\u2019Ale Colnago Team dove spicca il tricolore di Gioele Bertolini (foto ufficio stampa)<\/p>\n<p><img loading=\"lazy\" decoding=\"async\" width=\"559\" height=\"745\" data-id=\"434877\" src=\"data:image\/svg+xml,%3Csvg%20xmlns=\" http:=\"\" alt=\"Juniores, U23 e elite. Il roster dell'Ale Colnago Team dove spicca il tricolore di Gioele Bertolini (foto ufficio stampa)\" class=\"wp-image-434877\" data-lazy- data-lazy- data-lazy-src=\"https:\/\/www.europesays.com\/it\/wp-content\/uploads\/2025\/09\/AleColnagoTeam_2025_1_img_mb.jpg\"\/>Juniores, U23 e elite. Il roster dell\u2019Ale Colnago Team dove spicca il tricolore di Gioele Bertolini (foto ufficio stampa)<\/p>\n<p><img loading=\"lazy\" decoding=\"async\" width=\"559\" height=\"745\" data-id=\"434878\" src=\"data:image\/svg+xml,%3Csvg%20xmlns=\" http:=\"\" alt=\"Juniores, U23 e elite. Il roster dell'Ale Colnago Team (foto ufficio stampa)\" class=\"wp-image-434878\" data-lazy- data-lazy- data-lazy-src=\"https:\/\/www.europesays.com\/it\/wp-content\/uploads\/2025\/09\/AleColnagoTeam_2025_2_img_mb.jpg\"\/>Juniores, U23 e elite. Il roster dell\u2019Ale Colnago Team (foto ufficio stampa)<\/p>\n<p>Eva inizia ufficialmente la tua nuova esperienza. Prime impressioni?<\/p>\n<p class=\"\">Si \u00e8 aperta questa opportunit\u00e0 visto che nelle ultime due stagioni avevo corso con questa squadra. <strong>Mi hanno chiesto se fossi disponibile a dare una mano una volta scesa di bici<\/strong>. Mi ero trovata bene e cos\u00ec ho accettato subito la proposta, mettendomi subito al lavoro. Abbiamo cercato anche nuovi sponsor tecnici e <strong>sono contenta di aver portato di nuovo <a href=\"https:\/\/www.colnago.com\/it-it\" target=\"_blank\" rel=\"noreferrer noopener nofollow\">Colnago<\/a> in squadra con me<\/strong>.<\/p>\n<p>Com\u2019\u00e8 andato questo contatto?<\/p>\n<p class=\"\">Sono stata io il gancio (sorride, ndr) visto che avevo mantenuto buoni rapporti. <strong>Ho corso con questo marchio per dodici anni e ho bei ricordi perch\u00e9 le mie corse migliori le ho vinte su bici Colnago<\/strong>. Credo che sia un bel ritorno perch\u00e9 adesso Colnago \u00e8 associata a Pogacar e penso che per noi sia un bell\u2019innesto, anche stimolante.<\/p>\n<p>Che tipo di squadra avete?<\/p>\n<p class=\"\">Siamo riusciti ad allestire atleti di tutte le categorie internazionali. <strong>In totale abbiamo dieci ragazzi, tra cui spicca il campione italiano Gioele Bertolini<\/strong>. Pensiamo di avere una bella squadra, per la quale c\u2019\u00e8 stato tanto lavoro dietro e siamo molto contenti dei nostri atleti. Poi abbiamo anche esordienti e allievi.<\/p>\n<p><img loading=\"lazy\" decoding=\"async\" width=\"1009\" height=\"500\" data-id=\"434880\" src=\"data:image\/svg+xml,%3Csvg%20xmlns=\" http:=\"\" alt=\"Lechner ha contribuito a riportare Colnago nel ciclocross, un marchio con cui ha corso e vinto per dodici anni\" class=\"wp-image-434880\" data-lazy- data-lazy- data-lazy-src=\"https:\/\/www.europesays.com\/it\/wp-content\/uploads\/2025\/09\/Colnago_ciclocross_2025_img_dk.jpg\"\/>Lechner ha contribuito a riportare Colnago nel ciclocross, un marchio con cui ha corso e vinto per dodici anni<\/p>\n<p><img loading=\"lazy\" decoding=\"async\" width=\"1009\" height=\"500\" data-id=\"434875\" src=\"data:image\/svg+xml,%3Csvg%20xmlns=\" http:=\"\" alt=\"Ale Colnago Team \u00e8 una formazione modenese che avr\u00e0 anche un settore giovanile di esordienti e allievi\" class=\"wp-image-434875\" data-lazy- data-lazy- data-lazy-src=\"https:\/\/www.europesays.com\/it\/wp-content\/uploads\/2025\/09\/AleColnago_2025_ciclocross_abbigliamento_img_dk.jpg\"\/>Ale Colnago Team \u00e8 una formazione modenese che avr\u00e0 anche un settore giovanile di esordienti e allievi<\/p>\n<p><img loading=\"lazy\" decoding=\"async\" width=\"559\" height=\"745\" data-id=\"434881\" src=\"data:image\/svg+xml,%3Csvg%20xmlns=\" http:=\"\" alt=\"Lechner ha contribuito a riportare Colnago nel ciclocross, un marchio con cui ha corso e vinto per dodici anni\" class=\"wp-image-434881\" data-lazy- data-lazy- data-lazy-src=\"https:\/\/www.europesays.com\/it\/wp-content\/uploads\/2025\/09\/Colnago_ciclocross_2025_img_mb.jpg\"\/>Lechner ha contribuito a riportare Colnago nel ciclocross, un marchio con cui ha corso e vinto per dodici anni<\/p>\n<p><img loading=\"lazy\" decoding=\"async\" width=\"559\" height=\"745\" data-id=\"434876\" src=\"data:image\/svg+xml,%3Csvg%20xmlns=\" http:=\"\" alt=\"Ale Colnago Team \u00e8 una formazione modenese che avr\u00e0 anche un settore giovanile di esordienti e allievi\" class=\"wp-image-434876\" data-lazy- data-lazy- data-lazy-src=\"https:\/\/www.europesays.com\/it\/wp-content\/uploads\/2025\/09\/AleColnago_2025_ciclocross_abbigliamento_img_mb.jpg\"\/>Ale Colnago Team \u00e8 una formazione modenese che avr\u00e0 anche un settore giovanile di esordienti e allievi<\/p>\n<p>Il tuo ruolo come si svolger\u00e0?<\/p>\n<p class=\"\">Mi divider\u00f2 i compiti con Milena Cavani, con cui ho un\u2019amicizia di vecchia data nata ad un mondiale. Il suo ultimo anno da atleta \u00e8 coinciso col mio primo anno. Lei seguir\u00e0 principalmente le categorie giovanili. <strong>Io dovrei fare soprattutto la parte delle gare all\u2019estero, mentre quelle in Italia le faremo assieme<\/strong>.<\/p>\n<p>Che tipo di diesse sarai?<\/p>\n<p class=\"\">Non saprei, sicuramente non mi sento spaventata. Sono cambiate un po\u2019 di cose negli ultimi mesi e <strong>non vedo l\u2019ora di buttarmi in questo mio nuovo ruolo, che sono curiosa di conoscere meglio<\/strong>. Non mi ispiro a nessuno in particolare per il momento, per\u00f2 so gi\u00e0 che mi piace aiutare i ragazzi, sperando di trasmettergli la mia esperienza. Infatti <strong>mi sono fatta dare una bici anch\u2019io per fare le prove percorso assieme ai ragazzi e dare qualche consiglio<\/strong>, perch\u00e9 \u00e8 quello che serve sul campo-gara.<\/p>\n<p>Ti sei posta qualche obiettivo in generale?<\/p>\n<p class=\"\">Nessuno in particolare. Dobbiamo cercare di strutturare tutto bene. <strong>Credo che abbiamo alzato il livello rispetto agli ultimi anni, ma tante cose le dobbiamo scoprire<\/strong>. Seguire i giovani sar\u00e0 uno dei compiti principali, visto che i nostri atleti pi\u00f9 grandi ed esperti sono ovviamente pi\u00f9 autonomi. Assieme a Milena ed il resto dello staff <strong>cercheremo di dare il massimo supporto a tutti, in special modo parlando con loro<\/strong>.<\/p>\n<p><img loading=\"lazy\" decoding=\"async\" width=\"1009\" height=\"500\" src=\"data:image\/svg+xml,%3Csvg%20xmlns=\" http:=\"\" alt=\"Eva Lechner e Milena Cavani si sono conosciute tanti anni fa durante un mondiale. Saranno le diesse dell'Ale Colnago Team\" class=\"wp-image-434882\" data-lazy- data-lazy- data-lazy-src=\"https:\/\/www.europesays.com\/it\/wp-content\/uploads\/2025\/09\/Lechner_Cavani_ammiraglia_ciclocross_AleColnago_2025_img_dk.jpg\"\/>Eva Lechner e Milena Cavani si sono conosciute tanti anni fa durante un mondiale. Saranno le diesse dell\u2019Ale Colnago Team<\/p>\n<p><img loading=\"lazy\" decoding=\"async\" width=\"559\" height=\"745\" src=\"data:image\/svg+xml,%3Csvg%20xmlns=\" http:=\"\" alt=\"Eva Lechner e Milena Cavani si sono conosciute tanti anni fa durante un mondiale. Saranno le diesse dell'Ale Colnago Team\" class=\"wp-image-434883\" data-lazy- data-lazy- data-lazy-src=\"https:\/\/www.europesays.com\/it\/wp-content\/uploads\/2025\/09\/Lechner_Cavani_ammiraglia_ciclocross_AleColnago_2025_img_mb.jpg\"\/>Eva Lechner e Milena Cavani si sono conosciute tanti anni fa durante un mondiale. Saranno le diesse dell\u2019Ale Colnago Team<\/p>\n<p>Qualche obiettivo con gli atleti invece?<\/p>\n<p class=\"\"><strong>L\u2019intento di tutte le squadre \u00e8 sempre quello di portare pi\u00f9 ragazzi possibili in nazionale<\/strong>. Non solo per <a href=\"https:\/\/bici.pro\/news\/donne\/elisa-bianchi-stagione-tante-prime-volte-bft-pista\/\" target=\"_blank\" rel=\"noreferrer noopener nofollow\">Elisa Bianchi<\/a> come ha detto a voi qualche settimana fa, ma anche per tutti gli altri. Dipende tuttavia da come andranno i nostri ragazzi e gli avversari durante la stagione. Posso solo dire che <strong>il nostro lavoro sar\u00e0 quello di portarli a fare il massimo e raccogliere i migliori risultati possibili<\/strong>. Lavorare sulla loro crescita \u00e8 gi\u00e0 un bell\u2019obiettivo, poi vedremo come faremo.<\/p>\n<p>Eva Lechner si sente pi\u00f9 carica per la prima gara da diesse che far\u00e0 o per la prima che fece da atleta?<\/p>\n<p class=\"\">E\u2019 trascorso un po\u2019 di tempo (sorride, ndr), ma si sa che prima o poi un\u2019atleta deve smettere di correre. Quindi nascono obiettivi e punti di vista diversi. <strong>Adesso mi sto godendo molto di pi\u00f9 la vita, nel senso che quando vedo quanta fatica fanno gli atleti sono contenta di non doverlo pi\u00f9 fare anch\u2019io<\/strong>. Ora devo dare loro solo supporto e motivarli a dovere.<\/p>\n<p><script async src=\"\/\/www.instagram.com\/embed.js\"><\/script><\/p>\n","protected":false},"excerpt":{"rendered":"FORMIGINE \u2013 La sua esperienza non andr\u00e0 sprecata, la sua esperienza sar\u00e0 al servizio degli atleti che diriger\u00e0&hellip;\n","protected":false},"author":3,"featured_media":125002,"comment_status":"","ping_status":"","sticky":false,"template":"","format":"standard","meta":{"footnotes":""},"categories":[1456],"tags":[83490,1824,21184,1825,83489,31275,1537,90,89,245,244],"class_list":{"0":"post-125001","1":"post","2":"type-post","3":"status-publish","4":"format-standard","5":"has-post-thumbnail","7":"category-ciclismo","8":"tag-ale-colnago-team","9":"tag-ciclismo","10":"tag-ciclocross","11":"tag-cycling","12":"tag-diesse","13":"tag-eva-lechner","14":"tag-it","15":"tag-italia","16":"tag-italy","17":"tag-sport","18":"tag-sports"},"share_on_mastodon":{"url":"","error":""},"_links":{"self":[{"href":"https:\/\/www.europesays.com\/it\/wp-json\/wp\/v2\/posts\/125001","targetHints":{"allow":["GET"]}}],"collection":[{"href":"https:\/\/www.europesays.com\/it\/wp-json\/wp\/v2\/posts"}],"about":[{"href":"https:\/\/www.europesays.com\/it\/wp-json\/wp\/v2\/types\/post"}],"author":[{"embeddable":true,"href":"https:\/\/www.europesays.com\/it\/wp-json\/wp\/v2\/users\/3"}],"replies":[{"embeddable":true,"href":"https:\/\/www.europesays.com\/it\/wp-json\/wp\/v2\/comments?post=125001"}],"version-history":[{"count":0,"href":"https:\/\/www.europesays.com\/it\/wp-json\/wp\/v2\/posts\/125001\/revisions"}],"wp:featuredmedia":[{"embeddable":true,"href":"https:\/\/www.europesays.com\/it\/wp-json\/wp\/v2\/media\/125002"}],"wp:attachment":[{"href":"https:\/\/www.europesays.com\/it\/wp-json\/wp\/v2\/media?parent=125001"}],"wp:term":[{"taxonomy":"category","embeddable":true,"href":"https:\/\/www.europesays.com\/it\/wp-json\/wp\/v2\/categories?post=125001"},{"taxonomy":"post_tag","embeddable":true,"href":"https:\/\/www.europesays.com\/it\/wp-json\/wp\/v2\/tags?post=125001"}],"curies":[{"name":"wp","href":"https:\/\/api.w.org\/{rel}","templated":true}]}}