{"id":125005,"date":"2025-09-23T05:36:16","date_gmt":"2025-09-23T05:36:16","guid":{"rendered":"https:\/\/www.europesays.com\/it\/125005\/"},"modified":"2025-09-23T05:36:16","modified_gmt":"2025-09-23T05:36:16","slug":"serie-a-sconfitta-ed-esonero-deciso-palladino-la-prima-scelta","status":"publish","type":"post","link":"https:\/\/www.europesays.com\/it\/125005\/","title":{"rendered":"Serie A, sconfitta ed esonero deciso: Palladino la prima scelta"},"content":{"rendered":"\n<p><strong>In Serie A c\u2019\u00e8 una panchina fortemente instabile e che pu\u00f2 cambiare padrone, per cos\u00ec dire. In tal senso, l\u2019ultima sconfitta pu\u00f2 seriamente portare all\u2019esonero, con Raffaele Palladino che \u00e8 la prima scelta per la panchina. Andiamo a vedere le ultime notizie a riguardo.<\/strong><\/p>\n<p>In <strong>Serie A<\/strong> come \u00e8 noto nel momento in cui le cose non vanno per il verso giusto i primi ed a volte gli unici a pagare sono sempre e solo gli allenatori. I profili, cio\u00e8, maggiormente esposti da questo punto di vista alle <strong>pressioni esterne<\/strong> e soprattutto quelli che possono fungere in maniera pi\u00f9 semplice ed immediata come capro espiatorio, come si suole dire. Nonostante siamo giunti ormai alla quarta giornata di questo campionato, ci sono gi\u00e0 diversi profili che sono altamente instabili ed incerti circa il proprio futuro.<\/p>\n<p> <img loading=\"lazy\" decoding=\"async\" class=\"size-full wp-image-549736328184\" src=\"https:\/\/www.europesays.com\/it\/wp-content\/uploads\/2025\/09\/Raffaele-Palladino-22092025-bolognasportnews.it_.jpg\" alt=\"Palladino in primo piano\" width=\"1200\" height=\"800\"  \/>Palladino pu\u00f2 tornare in Serie A: esonero dopo il pesante KO (Bolognasportnews.it) \u2013 foto da Lapresse <\/p>\n<p>C\u2019\u00e8 un club che sta valutando con molta, molta attenzione la propria situazione e da questo punto di vista gli sviluppi possono arrivare da un momento all\u2019altro. In tal senso, la sconfitta pu\u00f2 costare seriamente caro e portare ad un <strong>esonero<\/strong> che sarebbe, ovviamente, doloroso per la societ\u00e0 in questione. La prima scelta, nel momento in cui si dovesse rischiare di percorrere questa via, potrebbe seriamente ricadere su <strong>Raffaele Palladino<\/strong>, che dunque potrebbe tornare in <strong>Serie A<\/strong> dopo le parentesi con il <strong>Monza<\/strong> prima e con la <strong>Fiorentina<\/strong> poi.<\/p>\n<p> Esonero in Serie A e ritorno di Palladino: le ultime notizie a riguardo <\/p>\n<p>Ci sono diverse panchine, come detto, instabili in questo momento e, da questo punto di vista, andiamo a vedere le ultime notizie che arrivano in tal senso. Una delle situazioni pi\u00f9 incandescenti \u00e8 sicuramente quella del <strong>Torino<\/strong>, che ieri \u00e8 stato annichilito dall\u2019<strong>Atalanta<\/strong>. E\u2019 fortemente a rischio la panchina di <strong>Marco Baroni<\/strong>, che ha iniziato come peggio non poteva la sua avventura alla guida dei granata. E che, per questo motivo, potrebbe essere sollevato dal suo incarico, complici anche le enormi critiche che sta ricevendo dalla tifoseria il presidente dei granata <strong>Urbano Cairo<\/strong>.<\/p>\n<p> <img loading=\"lazy\" decoding=\"async\" class=\"size-full wp-image-549736328185\" src=\"https:\/\/www.europesays.com\/it\/wp-content\/uploads\/2025\/09\/Palladino-22092025-bolognasportnews.it_.jpg\" alt=\"Palladino protesta\" width=\"740\" height=\"480\"  \/>Esonero in Serie A e ritorno di Palladino: le ultime notizie a riguardo (Bolognasportnews.it) \u2013 foto da Lapresse <\/p>\n<p>Proprio nel caso in cui i granata dovessero decidere di esonerare <strong>Marco Baroni<\/strong>, allora bisogna fare attenzione al nome di <strong>Raffaele Palladino<\/strong>. Che gi\u00e0 questa estate \u00e8 stato seriamente corteggiato dal <strong>Torino<\/strong> ma che alla fine non ha portato ai risultati auspicati. <strong>Cairo<\/strong> potrebbe dunque rispolverare l\u2019interesse per questo tecnico, nella consapevolezza che gi\u00e0 al <strong>Monza<\/strong> ha dimostrato di sapere incidere anche a campionato in corso e non solo iniziando la stagione dal ritiro. Si attendono sviluppi, ma la panchina del <strong>Torino<\/strong> \u00e8 fortemente instabile e centrale nelle valutazioni di questa societ\u00e0.<\/p>\n","protected":false},"excerpt":{"rendered":"In Serie A c\u2019\u00e8 una panchina fortemente instabile e che pu\u00f2 cambiare padrone, per cos\u00ec dire. In tal&hellip;\n","protected":false},"author":3,"featured_media":125006,"comment_status":"","ping_status":"","sticky":false,"template":"","format":"standard","meta":{"footnotes":""},"categories":[1452],"tags":[721,1740,1537,90,89,1739,245,244],"class_list":{"0":"post-125005","1":"post","2":"type-post","3":"status-publish","4":"format-standard","5":"has-post-thumbnail","7":"category-calcio","8":"tag-calcio","9":"tag-football","10":"tag-it","11":"tag-italia","12":"tag-italy","13":"tag-soccer","14":"tag-sport","15":"tag-sports"},"share_on_mastodon":{"url":"","error":""},"_links":{"self":[{"href":"https:\/\/www.europesays.com\/it\/wp-json\/wp\/v2\/posts\/125005","targetHints":{"allow":["GET"]}}],"collection":[{"href":"https:\/\/www.europesays.com\/it\/wp-json\/wp\/v2\/posts"}],"about":[{"href":"https:\/\/www.europesays.com\/it\/wp-json\/wp\/v2\/types\/post"}],"author":[{"embeddable":true,"href":"https:\/\/www.europesays.com\/it\/wp-json\/wp\/v2\/users\/3"}],"replies":[{"embeddable":true,"href":"https:\/\/www.europesays.com\/it\/wp-json\/wp\/v2\/comments?post=125005"}],"version-history":[{"count":0,"href":"https:\/\/www.europesays.com\/it\/wp-json\/wp\/v2\/posts\/125005\/revisions"}],"wp:featuredmedia":[{"embeddable":true,"href":"https:\/\/www.europesays.com\/it\/wp-json\/wp\/v2\/media\/125006"}],"wp:attachment":[{"href":"https:\/\/www.europesays.com\/it\/wp-json\/wp\/v2\/media?parent=125005"}],"wp:term":[{"taxonomy":"category","embeddable":true,"href":"https:\/\/www.europesays.com\/it\/wp-json\/wp\/v2\/categories?post=125005"},{"taxonomy":"post_tag","embeddable":true,"href":"https:\/\/www.europesays.com\/it\/wp-json\/wp\/v2\/tags?post=125005"}],"curies":[{"name":"wp","href":"https:\/\/api.w.org\/{rel}","templated":true}]}}