{"id":125122,"date":"2025-09-23T07:00:12","date_gmt":"2025-09-23T07:00:12","guid":{"rendered":"https:\/\/www.europesays.com\/it\/125122\/"},"modified":"2025-09-23T07:00:12","modified_gmt":"2025-09-23T07:00:12","slug":"riparte-un-tappeto-di-libri-con-tre-incontri-dedicati-a-bimbe-e-bimbi-dai-12-ai-18-mesi-comune-di-albinea","status":"publish","type":"post","link":"https:\/\/www.europesays.com\/it\/125122\/","title":{"rendered":"Riparte \u201cUn tappeto di libri\u201d con tre incontri dedicati a bimbe e bimbi dai 12 ai 18 mesi \u2013 Comune di Albinea"},"content":{"rendered":"<p>\t<img width=\"640\" height=\"911\" class=\"attachment-large size-large wp-post-image lazyload\" alt=\"\" decoding=\"async\" fetchpriority=\"high\" src=\"https:\/\/www.europesays.com\/it\/wp-content\/uploads\/2025\/09\/ok.jpg\"  data- data-eio-rwidth=\"658\" data-eio-rheight=\"937\"\/><\/p>\n<p>Con l\u2019arrivo di ottobre riparte l\u2019offerta di letture rivolta a bambine e bambini da 12 a 18 mesi realizzata dalla biblioteca di Albinea. Si tratta di \u201cUn tappeto di libri. Grandi libri per piccole mani\u201d: tre incontri rivolti a bambini accompagnati da un adulto per conoscere, leggere e toccare libri di qualit\u00e0 adatti a questa fascia d\u2019et\u00e0 e per scoprire l\u2019importanza della lettura in et\u00e0 precoce. Gli appuntamenti saranno condotti da Chiara Catellani, bibliotecaria, e Patrizia Mattioli, volontaria di Nati per Leggere e promotrice della lettura.<\/p>\n<p>\u00c8 possibile leggere fin dai primi mesi di vita? Da quali libri partire? \u00c8 se non sono bravo a leggere? Si cercher\u00e0 di rispondere a queste domande a partire proprio dai libri e dalla convinzione che la lettura \u00e8 gioco, divertimento, piacere, scoperta, relazione.<\/p>\n<p>L\u2019iniziativa si svolger\u00e0 con questo calendario: sabato 11 ottobre, sabato 8 novembre e sabato 6 dicembre, alle ore 10, in biblioteca<\/p>\n<p>Gli incontri dureranno circa 40 minuti.<\/p>\n<p>\u00c8 possibile partecipare ad uno o pi\u00f9 incontri, la prenotazione \u00e8 obbligatoria: biblioteca@comune.albinea.re.it \/ 0522 590262<\/p>\n","protected":false},"excerpt":{"rendered":"Con l\u2019arrivo di ottobre riparte l\u2019offerta di letture rivolta a bambine e bambini da 12 a 18 mesi&hellip;\n","protected":false},"author":3,"featured_media":125123,"comment_status":"","ping_status":"","sticky":false,"template":"","format":"standard","meta":{"footnotes":""},"categories":[1445],"tags":[1608,203,204,1537,90,89,1609],"class_list":{"0":"post-125122","1":"post","2":"type-post","3":"status-publish","4":"format-standard","5":"has-post-thumbnail","7":"category-libri","8":"tag-books","9":"tag-entertainment","10":"tag-intrattenimento","11":"tag-it","12":"tag-italia","13":"tag-italy","14":"tag-libri"},"share_on_mastodon":{"url":"","error":""},"_links":{"self":[{"href":"https:\/\/www.europesays.com\/it\/wp-json\/wp\/v2\/posts\/125122","targetHints":{"allow":["GET"]}}],"collection":[{"href":"https:\/\/www.europesays.com\/it\/wp-json\/wp\/v2\/posts"}],"about":[{"href":"https:\/\/www.europesays.com\/it\/wp-json\/wp\/v2\/types\/post"}],"author":[{"embeddable":true,"href":"https:\/\/www.europesays.com\/it\/wp-json\/wp\/v2\/users\/3"}],"replies":[{"embeddable":true,"href":"https:\/\/www.europesays.com\/it\/wp-json\/wp\/v2\/comments?post=125122"}],"version-history":[{"count":0,"href":"https:\/\/www.europesays.com\/it\/wp-json\/wp\/v2\/posts\/125122\/revisions"}],"wp:featuredmedia":[{"embeddable":true,"href":"https:\/\/www.europesays.com\/it\/wp-json\/wp\/v2\/media\/125123"}],"wp:attachment":[{"href":"https:\/\/www.europesays.com\/it\/wp-json\/wp\/v2\/media?parent=125122"}],"wp:term":[{"taxonomy":"category","embeddable":true,"href":"https:\/\/www.europesays.com\/it\/wp-json\/wp\/v2\/categories?post=125122"},{"taxonomy":"post_tag","embeddable":true,"href":"https:\/\/www.europesays.com\/it\/wp-json\/wp\/v2\/tags?post=125122"}],"curies":[{"name":"wp","href":"https:\/\/api.w.org\/{rel}","templated":true}]}}