{"id":125268,"date":"2025-09-23T08:35:11","date_gmt":"2025-09-23T08:35:11","guid":{"rendered":"https:\/\/www.europesays.com\/it\/125268\/"},"modified":"2025-09-23T08:35:11","modified_gmt":"2025-09-23T08:35:11","slug":"trento-infermieri-di-triage-potranno-richiedere-in-autonomia-radiografie-per-traumi-minori-il-progetto-sperimentale","status":"publish","type":"post","link":"https:\/\/www.europesays.com\/it\/125268\/","title":{"rendered":"Trento, infermieri di triage potranno richiedere in autonomia radiografie per traumi minori. Il progetto sperimentale"},"content":{"rendered":"<p>Pochi giorni fa la Giunta provinciale di <strong>Trento<\/strong>, su proposta dell\u2019assessore alla Salute,\u00a0<strong>Mario Tonina<\/strong>, ha approvato un <strong>progetto sperimentale per consentire ai professionisti del triage di\u00a0richiedere in autonomia esami radiologici\u00a0per traumi minori<\/strong>, nell\u2019ambito di protocolli condivisi e validati scientificamente. Si tratta di un progetto in linea con le indicazioni del ministero della Salute che raccomandano l\u2019adozione di <strong>percorsi rapidi<\/strong>, come fast track e see and treat, per la gestione delle <strong>prestazioni a bassa complessit\u00e0<\/strong>.<\/p>\n<p>L\u2019iniziativa punta a una <strong>presa in carico pi\u00f9 tempestiva e sicura dei pazienti<\/strong>, rendendo cos\u00ec l\u2019organizzazione sanitaria pi\u00f9 agile ed efficiente, ma anche a <strong>contrastare il sovraffollamento dei\u00a0pronto soccorso e ad allargare le\u00a0responsabilit\u00e0 degli infermieri, valorizzandone la professionalit\u00e0<\/strong>. E potrebbe costituire <strong>un precedente e una best practice da estendere a livello nazionale<\/strong>.<\/p>\n<p>I primi risultati saranno presentati al gruppo tecnico provinciale (di cui fanno parte gli Ordini provinciali dei medici e delle professioni infermieristiche) a sei mesi dall\u2019avvio, e poi con cadenza semestrale. L\u2019obiettivo \u00e8 <strong>mettere a regime il progetto entro 24 mesi<\/strong>.<\/p>\n<p>I dati sugli accessi ai pronto soccorso<\/p>\n<p>Un\u2019analisi dei <strong>dati del 2024<\/strong> ha mostrato che,\u00a0su 239.836 accessi ai pronto soccorso della provincia di Trento, una parte significativa era costituita da\u00a0traumi minori. Nello specifico, si sono registrati 1.147 accessi con codice bianco, 15.658 con codice verde e 3.509 con codice azzurro per traumi potenzialmente gestibili con questo nuovo protocollo.<\/p>\n<p>\u201cL\u2019obiettivo principale del progetto \u2013 spiega l\u2019ente provinciale \u2013 \u00e8 l\u2019ottimizzazione dei flussi di accesso e presa in carico dei pazienti, migliorando l\u2019efficienza gestionale del tempo sia per i professionisti che per gli utenti. Si punta a una riduzione del tempo medio di permanenza dei pazienti e del tempo di attesa tra il triage e la valutazione medica\u201d.<\/p>\n<p>La soddisfazione di Opi Trento<\/p>\n<p>\u201cQuesta sperimentazione \u2013 sottolinea <strong>Daniel Pedrotti<\/strong>, presidente di <strong>Opi Trento<\/strong> \u2013 riconosce compe-tenze gi\u00e0 esercitate dagli infermieri nella valutazione avanzata della persona e nella gestione clinico-assistenziale di situazioni complesse e a rapida evoluzione, potenziandole all\u2019interno di un modello organizzativo innovativo. \u00c8 un progetto che potr\u00e0 generare benefici concreti: per i pazienti, in termini di tempi di attesa, mantenendo sicurezza e qualit\u00e0 dell\u2019assistenza; per il sistema sanitario, attraverso un utilizzo efficiente delle risorse; per la professione infermieristica, che vede riconosciuta e ampliata la propria responsabilit\u00e0 clinica\u201d.<\/p>\n<p>Opi Trento, avvalendosi anche del contributo di colleghi esperti nell\u2019area emergenza-urgenza, ha partecipato attivamente al gruppo tecnico che ha elaborato il progetto, in sinergia con l\u2019assessorato alla Salute, politiche sociali e cooperazione, con l\u2019Azienda provinciale per i servizi sanitari e con l\u2019Ordine dei medici chirurghi e odontoiatri.<\/p>\n<p>La contrariet\u00e0 del sindacato SNR<\/p>\n<p>Il sindacato dell\u2019area radiologica <strong>SNR<\/strong>, invece, non ci sta: \u201cAncora una volta l\u2019ansia da prestazione delle aziende sanitarie e il bisogno di consenso politico si risolvono agitando lo spauracchio dei tempi di attesa e trovando soluzioni fantasiose ma fuori legge, che lungi dal risolvere i problemi che affliggono il nostro Servizio sanitario nazionale, creano confusione di ruoli, inappropriatezza\u00a0e l\u2019esposizione non correttamente giustificata\u00a0dei pazienti a radiazioni ionizzanti\u201d.<\/p>\n<p>E ancora: \u201cL\u2019articolo 159 del Decreto legislativo 31 luglio 2020, n. 101, stabilisce le responsabilit\u00e0 e le procedure per le esposizioni mediche a radiazioni ionizzanti, confermando la responsabilit\u00e0 clinica del medico specialista e la responsabilit\u00e0 pratica del tecnico sanitario di radiologia medica o dell\u2019infermiere, ciascuno secondo le proprie competenze. Il comma 1 disciplina le esposizioni di cui all\u2019articolo 156, le quali sono effettuate sotto la responsabilit\u00e0 clinica del medico specialista, su richiesta motivata del medico prescrivente, mentre il comma 2 definisce l\u2019attivit\u00e0 di refertazione, che \u00e8 esclusiva del medico specialista in radiodiagnostica o medicina nucleare\u201d.\u00a0<\/p>\n<p>Conclude il sindacato: \u201cNon ce ne\u00a0vogliano\u00a0i colleghi infermieri, dei quali apprezziamo tutti i giorni in corsia l\u2019abnegazione e la crescente preparazione, ma rivendichiamo con forza e a tutela\u00a0della sicurezza delle cure (Legge 219\/2017 \u2013 \u201cConsenso informato e DAT\u201d)\u00a0la responsabilit\u00e0 per il medico\u00a0(non solo medico radiologo)\u00a0di prescrivere ci\u00f2 che \u00e8 veramente necessario per il paziente e di interpretare il referto. Fa parte dei nostri doveri. Cos\u00ec come la lotta all\u2019inappropriatezza \u00e8 il nostro contributo per contrastare il declino di un sistema sanitario in sofferenza, ma ancora eccellente\u201d.<\/p>\n<p><strong>Redazione Nurse Times<\/strong><\/p>\n<p><strong>Articoli correlati<\/strong><\/p>\n","protected":false},"excerpt":{"rendered":"Pochi giorni fa la Giunta provinciale di Trento, su proposta dell\u2019assessore alla Salute,\u00a0Mario Tonina, ha approvato un progetto&hellip;\n","protected":false},"author":3,"featured_media":125269,"comment_status":"","ping_status":"","sticky":false,"template":"","format":"standard","meta":{"footnotes":""},"categories":[1481],"tags":[2065,2066,239,2063,2064,1537,90,89,6830,5133,83612,240,7548,2863],"class_list":{"0":"post-125268","1":"post","2":"type-post","3":"status-publish","4":"format-standard","5":"has-post-thumbnail","7":"category-assistenza-sanitaria","8":"tag-assistenza-sanitaria","9":"tag-assistenzasanitaria","10":"tag-health","11":"tag-health-care","12":"tag-healthcare","13":"tag-it","14":"tag-italia","15":"tag-italy","16":"tag-nurse-times","17":"tag-pronto-soccorso","18":"tag-radiografia","19":"tag-salute","20":"tag-trento","21":"tag-triage"},"share_on_mastodon":{"url":"","error":""},"_links":{"self":[{"href":"https:\/\/www.europesays.com\/it\/wp-json\/wp\/v2\/posts\/125268","targetHints":{"allow":["GET"]}}],"collection":[{"href":"https:\/\/www.europesays.com\/it\/wp-json\/wp\/v2\/posts"}],"about":[{"href":"https:\/\/www.europesays.com\/it\/wp-json\/wp\/v2\/types\/post"}],"author":[{"embeddable":true,"href":"https:\/\/www.europesays.com\/it\/wp-json\/wp\/v2\/users\/3"}],"replies":[{"embeddable":true,"href":"https:\/\/www.europesays.com\/it\/wp-json\/wp\/v2\/comments?post=125268"}],"version-history":[{"count":0,"href":"https:\/\/www.europesays.com\/it\/wp-json\/wp\/v2\/posts\/125268\/revisions"}],"wp:featuredmedia":[{"embeddable":true,"href":"https:\/\/www.europesays.com\/it\/wp-json\/wp\/v2\/media\/125269"}],"wp:attachment":[{"href":"https:\/\/www.europesays.com\/it\/wp-json\/wp\/v2\/media?parent=125268"}],"wp:term":[{"taxonomy":"category","embeddable":true,"href":"https:\/\/www.europesays.com\/it\/wp-json\/wp\/v2\/categories?post=125268"},{"taxonomy":"post_tag","embeddable":true,"href":"https:\/\/www.europesays.com\/it\/wp-json\/wp\/v2\/tags?post=125268"}],"curies":[{"name":"wp","href":"https:\/\/api.w.org\/{rel}","templated":true}]}}