{"id":125270,"date":"2025-09-23T08:36:17","date_gmt":"2025-09-23T08:36:17","guid":{"rendered":"https:\/\/www.europesays.com\/it\/125270\/"},"modified":"2025-09-23T08:36:17","modified_gmt":"2025-09-23T08:36:17","slug":"primark-attiva-la-campagna-per-la-prevenzione-were-with-you","status":"publish","type":"post","link":"https:\/\/www.europesays.com\/it\/125270\/","title":{"rendered":"Primark attiva la campagna per la prevenzione We&#8217;re with you"},"content":{"rendered":"<p>        <a href=\"https:\/\/static.tecnichenuove.it\/gdoweek\/2024\/05\/Primark-Torino-To-Dream-1.jpg\" data-caption=\"\" rel=\"nofollow noopener\" target=\"_blank\"><img loading=\"lazy\" decoding=\"async\" width=\"696\" height=\"464\" class=\"entry-thumb td-modal-image\" src=\"https:\/\/www.europesays.com\/it\/wp-content\/uploads\/2025\/09\/Primark-Torino-To-Dream-1-696x464.jpg\"   alt=\"Primark To Dream\" title=\"Primark Torino To Dream 1\"\/><\/a><\/p>\n<p>Una campagna per la prevenzione del tumore al seno e una nuova linea di capi Primark pensati per le donne che affrontano la malattia<\/p>\n<p>Nuova iniziativa di <a href=\"https:\/\/www.gdoweek.it\/primark-i-risultati-della-campagna-di-sensibilizzazione-siamo-con-te\/\" rel=\"nofollow noopener\" target=\"_blank\"><strong>Primark<\/strong> <\/a>lanciata in occasione del mese dedicato alla prevenzione e alla ricerca sul tumore al seno. In questo ambito, l&#8217;insegna ha presentato la campagna di sensibilizzazione chiamata <strong>We\u2019re with you<\/strong> (Siamo con te), che ha l&#8217;obiettivo di comunicare l&#8217;importanza della diagnosi precoce e del supporto lungo tutte le fasi della malattia.\u00a0Si tratta di un&#8217;azione quest&#8217;anno alla sua quinta edizione.<\/p>\n<p>\u201cVogliamo che le donne, in tutte le fasi del loro percorso legato a questa malattia, si sentano supportate, forti e sicure di s\u00e9 -dice <strong>Luca Ciuffreda, responsabile di Primark Italia<\/strong>-. \u00c8 per questo che\u00a0sosteniamo la Breast Cancer Awareness questo ottobre e durante tutto l\u2019anno.&#8221;<\/p>\n<p>L&#8217;attivit\u00e0<\/p>\n<p>Negli oltre 460 store di Primark, e sui canali social, saranno proiettati video e fotografie creati dalle stesse donne che raccontano la loro esperienza, sottolineando l&#8217;importanza del<br \/>sostegno che hanno ricevuto, in tutte le diverse modalit\u00e0.<\/p>\n<p>Le nuove linee<\/p>\n<p>A loro Primark dedica la collezione <strong>Breast Cancer Awareness<\/strong>, una linea di<strong> 49 capi<\/strong> suddivisa in due gamme: quella post-operatoria con prodotti sviluppati ad hoc per le donne colpite dal tumore al seno, e quella solidale in <strong>edizione limitata<\/strong> e rivolta a tutti\/e coloro<br \/>che ne vogliono sostenere la causa. Nel primo caso si tratta di prodotti specialistici a prezzi accessibili, sviluppati per le donne colpite dal tumore al seno e disponibili tutto l\u2019anno. Novit\u00e0 di quest\u2019anno sono le <strong>protesi esterne per il seno<\/strong> Primark, che si inseriscono nel reggiseno dopo l\u2019intervento chirurgico, realizzate in schiuma modellata. Nel caso della gamma solidale, invece, si tratta di una collezione in edizione limitata disponibile in occasione del <strong>Mese di Sensibilizzazione sul Tumore al Seno<\/strong>, che comprende felpe con cappuccio, t-shirt, abbigliamento da notte e biancheria intima. Novit\u00e0 di quest\u2019anno, il cardigan sagomato, i pigiami in modal per una maggiore morbidezza nella nuova colorazione avena, il burro labbra, la tazza da caff\u00e8 smaltata, la maschera gel idratante, la crema ricarica notturna, i pigiami a righe avvolgenti e la felpa oversize con zip.<br \/>Con prezzi a partire da 5 euro, la collezione sar\u00e0 disponibile in tutti i negozi Primark del<br \/>mondo a partire dal primo ottobre.<\/p>\n<p>Le donazioni<\/p>\n<p>La campagna, che si concluder\u00e0 il 31 ottobre, prevede anche una donazione di oltre 1 milione di euro a organizzazioni non-profit per la lotta al cancro in Europa e negli Stati Uniti. In Italia Primark doner\u00e0 <strong>100.000 euro a Fondazione Airc<\/strong> per la ricerca sul cancro, a cui ha scelto di rinnovare il proprio sostegno anche quest\u2019anno nell\u2019ambito della campagna Nastro Rosa.<br \/>\u201cIl tumore al seno in Italia colpisce ogni anno circa 53.000 donne, una donna su otto riceve la diagnosi nell\u2019arco della vita. La ricerca ha portato a progressi straordinari: interventi chirurgici sempre pi\u00f9 conservativi e rispettosi del corpo, trattamenti radioterapici meno tossici e pi\u00f9 brevi, terapie pi\u00f9 precise e mirate hanno migliorato sensibilmente la qualit\u00e0 della vita delle pazienti e aumentato fino all\u201988% la sopravvivenza a cinque anni dalla diagnosi. Insieme a volontari, ricercatori, donatori e partner come Primark, che credono nel ruolo fondamentale della prevenzione e della ricerca, puntiamo a raggiungere l\u2019obiettivo pi\u00f9 grande: curare tutte le donne&#8221; afferma\u00a0<strong>Chiara Occulti, chief marketing &amp; fundraising officer di Fondazione Airc.<\/strong><\/p>\n","protected":false},"excerpt":{"rendered":"Una campagna per la prevenzione del tumore al seno e una nuova linea di capi Primark pensati per&hellip;\n","protected":false},"author":3,"featured_media":125271,"comment_status":"","ping_status":"","sticky":false,"template":"","format":"standard","meta":{"footnotes":""},"categories":[1480],"tags":[1944,239,1537,90,89,240,1942,1943,1940,1941],"class_list":{"0":"post-125270","1":"post","2":"type-post","3":"status-publish","4":"format-standard","5":"has-post-thumbnail","7":"category-salute-femminile","8":"tag-femminile","9":"tag-health","10":"tag-it","11":"tag-italia","12":"tag-italy","13":"tag-salute","14":"tag-salute-femminile","15":"tag-salutefemminile","16":"tag-womens-health","17":"tag-womenshealth"},"share_on_mastodon":{"url":"","error":""},"_links":{"self":[{"href":"https:\/\/www.europesays.com\/it\/wp-json\/wp\/v2\/posts\/125270","targetHints":{"allow":["GET"]}}],"collection":[{"href":"https:\/\/www.europesays.com\/it\/wp-json\/wp\/v2\/posts"}],"about":[{"href":"https:\/\/www.europesays.com\/it\/wp-json\/wp\/v2\/types\/post"}],"author":[{"embeddable":true,"href":"https:\/\/www.europesays.com\/it\/wp-json\/wp\/v2\/users\/3"}],"replies":[{"embeddable":true,"href":"https:\/\/www.europesays.com\/it\/wp-json\/wp\/v2\/comments?post=125270"}],"version-history":[{"count":0,"href":"https:\/\/www.europesays.com\/it\/wp-json\/wp\/v2\/posts\/125270\/revisions"}],"wp:featuredmedia":[{"embeddable":true,"href":"https:\/\/www.europesays.com\/it\/wp-json\/wp\/v2\/media\/125271"}],"wp:attachment":[{"href":"https:\/\/www.europesays.com\/it\/wp-json\/wp\/v2\/media?parent=125270"}],"wp:term":[{"taxonomy":"category","embeddable":true,"href":"https:\/\/www.europesays.com\/it\/wp-json\/wp\/v2\/categories?post=125270"},{"taxonomy":"post_tag","embeddable":true,"href":"https:\/\/www.europesays.com\/it\/wp-json\/wp\/v2\/tags?post=125270"}],"curies":[{"name":"wp","href":"https:\/\/api.w.org\/{rel}","templated":true}]}}