{"id":125278,"date":"2025-09-23T08:41:09","date_gmt":"2025-09-23T08:41:09","guid":{"rendered":"https:\/\/www.europesays.com\/it\/125278\/"},"modified":"2025-09-23T08:41:09","modified_gmt":"2025-09-23T08:41:09","slug":"rwanda-2025-jalal-edward-ovvero-quando-lultimo-non-e-ultimo","status":"publish","type":"post","link":"https:\/\/www.europesays.com\/it\/125278\/","title":{"rendered":"RWANDA 2025. JALAL EDWARD, OVVERO QUANDO L&#8217;ULTIMO NON E&#8217; ULTIMO"},"content":{"rendered":"<p>Se <strong>Remco Evenepoel<\/strong> \u00e8 stato il pi\u00f9 veloce nella cronometro di domenica scorsa, nell\u2019ultima pagina dei risultati di gara, scendendo fino all\u2019ultima riga, troviamo<strong> Jalal Edward, rappresentante del Sud Sudan<\/strong>. Ultimo, ma non ultimo, perch\u00e9 <strong>Jalal per il suo Paese \u00e8 un autentico eroe<\/strong> e anche se si \u00e8 classificato 54\u00b0 e ultimo, <strong>a 43 minuti e 18 secondi da Remco Evenepoel,<\/strong> per lui la cronometro mondiale \u00e8 stata<strong> la realizzazione di un sogno<\/strong>. Jalal Edward, ha impiegato quasi il doppio del tempo del belga per completare i 40,6 chilometri della cronometro ed <strong>\u00e8 stato superato da 12 corridori partiti tutti dopo di lui.<\/strong>\n            <\/p>\n<p>Ma questa <strong>non \u00e8 stata vista come una sconfitta, ma come una conquista,<\/strong> perch\u00e9 <strong>Edward <\/strong>ha fatto vedere i colori del suo Paese in tutto il mondo.<\/p>\n<p>Jalal &#8211; che \u00e8 nato il 10 ottobre del 2000 &#8211; non ha gareggiato con una bici da cronometro e non era il solo domenica scorsa che in sella a una bicicletta tradizionale vecchia di oltre dieci anni e neanche tutta in carbonio, ha visto sfrecciare davanti a s\u00e9 bici che costavano decine di migliaia di euro, una cifra che Jalal e tanti altri non riescono neppure a immaginare.\n            <\/p>\n<p>Questo \u00e8 uno di quei contrasti che riflette chiaramente<strong> il ritardo di molti paesi africani in termini di equipaggiamento, supporto e sviluppo.<\/strong> Ma i Campionati del Mondo in Ruanda <strong>servono anche a questo:<\/strong> permettere ai corridori con meno mezzi, di prendere il via in una gara accanto ai migliori corridori del mondo. Ma non c\u2019\u00e8 solo questo aspetto e tra le analisi, questo confronto <strong>serve a rilevare il divario che ancora separa l\u2019Africa dall\u2019Europa o l\u2019America per poi cercare di ridurlo<\/strong>.<\/p>\n<p>Purtroppo, come spesso accade, questo \u00e8 accompagnato da qualche sarcasmo e anche <strong>quella bici vecchia ha suscitato qualche risata tra i partecipanti.<\/strong> Ma Jalal Edward pu\u00f2 stare tranquillo, perch\u00e8 anche Tadej Pogacar \u00e8 stato superato domenica e questo non gli impedisce di essere il miglior ciclista del mondo.<\/p>\n<p>Guardando le liste di partenza, per la prima volta vediamo tanti corridori africani e se questo mondiale si fosse disputato in qualsiasi altro continente probabilmente molte nazioni non avrebbero avuto la possibilit\u00e0 di partecipare per mancanza di fondi. I Paesi africani in gara sono ospitati quasi tutti insieme e alloggiano a Bugasera, nel centro UCI, dove ci sono tante scuole, sovvenzionate da nazioni europee. La sera i ragazzi si incontrano e raccontano le loro esperienze con gli occhi illuminati e pieni di speranza, perch\u00e9 hanno visto Pogacar ed Evenepoel. Nei piccoli villaggi, i loro parenti vanno nei bar per vedere la gara, con la speranza di riconoscere il proprio figlio o fratello, che ha avuto la possibilit\u00e0 di correre in Ruanda.<\/p>\n<p>Questo \u00e8 l&#8217;aspetto di cui bisogna tener conto: quando vengono intervistati, gli allenatori delle nazioni africane raccontano di un\u2019avventura incredibile, ma allo stesso tempo rivelano <strong>come sarebbe bello che qualcuno donasse loro qualche bici,<\/strong> a loro non interessa che sia nuova e qualunque bici usata \u00e8 sicuramente pi\u00f9 recente e sofisticata rispetto al miglior pezzo che hanno portato a Kigali.<\/p>\n<p>Jalal Edward \u00e8 arrivato ultimo, ma per il suo Sud Sudan <strong>quel piazzamento ha lo stesso sapore di una vittoria importante.<\/strong><\/p>\n","protected":false},"excerpt":{"rendered":"Se Remco Evenepoel \u00e8 stato il pi\u00f9 veloce nella cronometro di domenica scorsa, nell\u2019ultima pagina dei risultati di&hellip;\n","protected":false},"author":3,"featured_media":125279,"comment_status":"","ping_status":"","sticky":false,"template":"","format":"standard","meta":{"footnotes":""},"categories":[1456],"tags":[82193,1824,1825,1537,90,89,37562,245,83613,244],"class_list":{"0":"post-125278","1":"post","2":"type-post","3":"status-publish","4":"format-standard","5":"has-post-thumbnail","7":"category-ciclismo","8":"tag-kigali2025","9":"tag-ciclismo","10":"tag-cycling","11":"tag-it","12":"tag-italia","13":"tag-italy","14":"tag-mondiali-ruanda","15":"tag-sport","16":"tag-sport-africano","17":"tag-sports"},"share_on_mastodon":{"url":"","error":""},"_links":{"self":[{"href":"https:\/\/www.europesays.com\/it\/wp-json\/wp\/v2\/posts\/125278","targetHints":{"allow":["GET"]}}],"collection":[{"href":"https:\/\/www.europesays.com\/it\/wp-json\/wp\/v2\/posts"}],"about":[{"href":"https:\/\/www.europesays.com\/it\/wp-json\/wp\/v2\/types\/post"}],"author":[{"embeddable":true,"href":"https:\/\/www.europesays.com\/it\/wp-json\/wp\/v2\/users\/3"}],"replies":[{"embeddable":true,"href":"https:\/\/www.europesays.com\/it\/wp-json\/wp\/v2\/comments?post=125278"}],"version-history":[{"count":0,"href":"https:\/\/www.europesays.com\/it\/wp-json\/wp\/v2\/posts\/125278\/revisions"}],"wp:featuredmedia":[{"embeddable":true,"href":"https:\/\/www.europesays.com\/it\/wp-json\/wp\/v2\/media\/125279"}],"wp:attachment":[{"href":"https:\/\/www.europesays.com\/it\/wp-json\/wp\/v2\/media?parent=125278"}],"wp:term":[{"taxonomy":"category","embeddable":true,"href":"https:\/\/www.europesays.com\/it\/wp-json\/wp\/v2\/categories?post=125278"},{"taxonomy":"post_tag","embeddable":true,"href":"https:\/\/www.europesays.com\/it\/wp-json\/wp\/v2\/tags?post=125278"}],"curies":[{"name":"wp","href":"https:\/\/api.w.org\/{rel}","templated":true}]}}