{"id":125411,"date":"2025-09-23T10:07:10","date_gmt":"2025-09-23T10:07:10","guid":{"rendered":"https:\/\/www.europesays.com\/it\/125411\/"},"modified":"2025-09-23T10:07:10","modified_gmt":"2025-09-23T10:07:10","slug":"ho-perso-25-chili-potrei-morire-da-un-momento-allaltro","status":"publish","type":"post","link":"https:\/\/www.europesays.com\/it\/125411\/","title":{"rendered":"Ho perso 25 chili, potrei morire da un momento all\u2019altro"},"content":{"rendered":"<p>Costantino Vitagliano \u00e8 tornato in tv nel salotto di Monica Setta, ospite del programma Storie al bivio. L&#8217;ex tronista ha parlato delle difficolt\u00e0 affrontate negli ultimi anni, da quando gli \u00e8 stata diagnosticata una malattia autoimmune.<\/p>\n<p>Costantino ha spiegato: &#8220;Ho perso 25 chili e adesso sto cercando di riprenderli. Ho iniziato una terapia basata sulle cellule staminali e sembra funzionare, mi dovr\u00f2 curare per tutta la vita. Tutto \u00e8 partito da questa infiammazione che fa allargare l\u2019aorta addominale, se esplode posso morire in pochi secondi. Adesso sto bene, ho appena fatto la puntura in camerino, ma convivo con il pensiero di non dover mai dimenticare i farmaci&#8221;.<\/p>\n<p>Qualche mese fa Vitagliano era stato ospite di Verissimo con la compagna Dafne, ma ultimamente i due sono spariti dai social e il 51enne non ha proferito parola sulla sua situazione sentimentale, in molti pensano che sia tornato single.<\/p>\n<p><a href=\"https:\/\/www.today.it\/benessere\/salute\/malattia-costantino-vitagliano.html\" target=\"_blank\" rel=\"nofollow noopener\">Quale rara malattia ha colpito Costantino Vitagliano<\/a><\/p>\n<p>Dalla Setta l&#8217;ex tronista ha raccontato come \u00e8 cambiata la sua vita anche prima della malattia, ricordando le sue origini di periferia: &#8220;Guadagnavo cifre da capogiro, ma non ho sofferto quando i tempi sono cambiati perch\u00e9 ho fatti tanti step, non sono esploso all\u2019improvviso e vengo da una vita da sacrifici. Ho avuto la fortuna di poter aiutare i miei genitori, ma loro non erano abituati e quando sono morti ho scoperto che i soldi li mettevano tutti in banca. Mia mamma non \u00e8 mai voluta andare via dalle case popolari perch\u00e9 l\u00ec c\u2019era tutto il suo mondo&#8221;.<\/p>\n<p><a href=\"https:\/\/www.today.it\/gossip\/vip\/uomini-donne-compleanno-messaggio-fidanzata.html\" target=\"_blank\" rel=\"nofollow noopener\">Costantino Vitagliano compie 51 anni, il dolce messaggio della compagna<\/a>\u00a0 <\/p>\n","protected":false},"excerpt":{"rendered":"Costantino Vitagliano \u00e8 tornato in tv nel salotto di Monica Setta, ospite del programma Storie al bivio. L&#8217;ex&hellip;\n","protected":false},"author":3,"featured_media":125412,"comment_status":"","ping_status":"","sticky":false,"template":"","format":"standard","meta":{"footnotes":""},"categories":[1451],"tags":[1621,1620,83662,83661,203,204,1537,90,89],"class_list":{"0":"post-125411","1":"post","2":"type-post","3":"status-publish","4":"format-standard","5":"has-post-thumbnail","7":"category-celebrita","8":"tag-celebrita","9":"tag-celebrities","10":"tag-costantino-vitagliano","11":"tag-costantino-vitgliano-malattia","12":"tag-entertainment","13":"tag-intrattenimento","14":"tag-it","15":"tag-italia","16":"tag-italy"},"share_on_mastodon":{"url":"","error":""},"_links":{"self":[{"href":"https:\/\/www.europesays.com\/it\/wp-json\/wp\/v2\/posts\/125411","targetHints":{"allow":["GET"]}}],"collection":[{"href":"https:\/\/www.europesays.com\/it\/wp-json\/wp\/v2\/posts"}],"about":[{"href":"https:\/\/www.europesays.com\/it\/wp-json\/wp\/v2\/types\/post"}],"author":[{"embeddable":true,"href":"https:\/\/www.europesays.com\/it\/wp-json\/wp\/v2\/users\/3"}],"replies":[{"embeddable":true,"href":"https:\/\/www.europesays.com\/it\/wp-json\/wp\/v2\/comments?post=125411"}],"version-history":[{"count":0,"href":"https:\/\/www.europesays.com\/it\/wp-json\/wp\/v2\/posts\/125411\/revisions"}],"wp:featuredmedia":[{"embeddable":true,"href":"https:\/\/www.europesays.com\/it\/wp-json\/wp\/v2\/media\/125412"}],"wp:attachment":[{"href":"https:\/\/www.europesays.com\/it\/wp-json\/wp\/v2\/media?parent=125411"}],"wp:term":[{"taxonomy":"category","embeddable":true,"href":"https:\/\/www.europesays.com\/it\/wp-json\/wp\/v2\/categories?post=125411"},{"taxonomy":"post_tag","embeddable":true,"href":"https:\/\/www.europesays.com\/it\/wp-json\/wp\/v2\/tags?post=125411"}],"curies":[{"name":"wp","href":"https:\/\/api.w.org\/{rel}","templated":true}]}}