{"id":125882,"date":"2025-09-23T15:00:13","date_gmt":"2025-09-23T15:00:13","guid":{"rendered":"https:\/\/www.europesays.com\/it\/125882\/"},"modified":"2025-09-23T15:00:13","modified_gmt":"2025-09-23T15:00:13","slug":"ufficiale-rally-di-roma-nuova-gara-in-italia-dal-2027-al-posto-della-sardegna","status":"publish","type":"post","link":"https:\/\/www.europesays.com\/it\/125882\/","title":{"rendered":"Ufficiale: Rally di Roma nuova gara in Italia dal 2027 al posto della Sardegna"},"content":{"rendered":"<p>Ora \u00e8 ufficiale: il Rally di Roma Capitale sar\u00e0 la nuova tappa italiana del WRC a partire dal 2027, in sostituzione del Rally Italia Sardegna, che manterr\u00e0 la sua presenza in calendario l&#8217;anno prossimo.<\/p>\n<p>Da diversi mesi si vociferava che l&#8217;evento capitolino potesse diventare la nuova sede tricolore del Mondiale, dopo che dal 2021 era diventato appuntamento fisso del FIA European Rally Championship.<\/p>\n<p>Le strade asfaltate del Lazio entreranno quindi a far parte della lista di eventi del Mondiale Rally grazie ad un accordo firmato fino al termine della stagione 2030, mentre gli sterrati di Olbia saluteranno la serie con l&#8217;ultimo ballo del 2026.<\/p>\n<p>&#8220;Siamo convinti che questo accordo rappresenti la scelta migliore per il futuro del rally di vertice in Italia. La decisione di rinviare il debutto al 2027 ci consentir\u00e0, insieme alla FIA, di preparare l\u2019evento romano nel miglior modo possibile, garantendone il successo fin dalla prima edizione&#8221;, ha dichiarato Simon Larkin, Direttore degli Eventi di WRC Promoter.<\/p>\n<p>&#8220;Siamo particolarmente lieti di accogliere la Regione Lazio come main sponsor dell\u2019evento e ringraziamo il Presidente Francesco Rocca e gli assessori Elena Palazzo e Giancarlo Righini per il loro sostegno e la loro visione&#8221;.<\/p>\n<p>&#8220;Un sentito ringraziamento anche alla Citt\u00e0 di Roma per l\u2019entusiasmo dimostrato: l\u2019impegno del Sindaco Roberto Gualtieri e dell\u2019assessore Alessandro Onorato \u00e8 fondamentale per dar vita a un appuntamento degno della tradizione rallistica italiana e della sua statura internazionale. La nostra priorit\u00e0 \u00e8 creare un evento di altissimo livello che sappia onorare la storia del rally in Italia e proiettarla verso un futuro ancora pi\u00f9 radioso&#8221;.<\/p>\n<p>   <img decoding=\"async\" draggable=\"false\" src=\"https:\/\/www.europesays.com\/it\/wp-content\/uploads\/2025\/09\/whatsapp-image-2025-09-23-at-1.jpg\" alt=\"\" loading=\"lazy\" width=\"1200\" height=\"800\"\/> <\/p>\n<p>Tullio Del Sette, Commissario Straordinario di ACI Sport, aggiunge: &#8220;L\u2019accordo raggiunto oggi con FIA e WRC Promoter rappresenta un passo fondamentale per il rallismo italiano. Siamo orgogliosi di aver siglato un contratto quinquennale con WRC Promoter, che garantisce stabilit\u00e0 al nostro campionato e pone le basi per lo sviluppo a lungo termine di questa disciplina nel nostro Paese&#8221;.<\/p>\n<p>&#8220;Nulla di tutto questo sarebbe stato possibile senza l\u2019enorme e costante supporto della Regione Sardegna in tutti questi anni, per il quale esprimiamo profonda gratitudine. Accogliamo con grande piacere anche la Regione Lazio, che sar\u00e0 main partner dell\u2019evento nella Capitale. Un ringraziamento va infine alla FIA e a WRC Promoter per la vicinanza e la collaborazione dimostrate in un passaggio tanto delicato quanto cruciale&#8221;.<\/p>\n<p>Giovanni Tombolato, Sub-Commissario di ACI Sport, dichiara: &#8220;Il 2027 segner\u00e0 un cambiamento epocale per il WRC, con l\u2019arrivo di nuove vetture e nuovi regolamenti. Sono molto fiducioso, perch\u00e9 sulla carta queste regole offriranno ai nostri piloti locali la possibilit\u00e0 di lottare per le prime posizioni e, come tutti sappiamo, in Italia abbiamo molti specialisti di primissimo livello sull\u2019asfalto&#8221;.<\/p>\n<p>Emilia Abel di FIA, conclude: &#8220;Siamo lieti di vedere confermato il futuro a lungo termine di uno degli eventi pi\u00f9 storici e significativi del rallismo mondiale. Il Rally di Sardegna \u00e8 stato una sfida appassionante per gli equipaggi negli ultimi anni e sono certa che l\u2019edizione del prossimo anno sar\u00e0 altrettanto spettacolare. Attendiamo con piacere di lavorare insieme ad ACI e WRC Promoter per il futuro del WRC in Italia e per la preparazione necessaria a proporre un nuovo evento con base a Roma&#8221;.<\/p>\n","protected":false},"excerpt":{"rendered":"Ora \u00e8 ufficiale: il Rally di Roma Capitale sar\u00e0 la nuova tappa italiana del WRC a partire dal&hellip;\n","protected":false},"author":3,"featured_media":125883,"comment_status":"","ping_status":"","sticky":false,"template":"","format":"standard","meta":{"footnotes":""},"categories":[1455],"tags":[1537,90,89,1783,1784,245,244,23671,83841],"class_list":{"0":"post-125882","1":"post","2":"type-post","3":"status-publish","4":"format-standard","5":"has-post-thumbnail","7":"category-moto","8":"tag-it","9":"tag-italia","10":"tag-italy","11":"tag-moto","12":"tag-motorcycle","13":"tag-sport","14":"tag-sports","15":"tag-wrc","16":"tag-wrc-ufficiale-rally-di-roma-nuova-gara-in-italia-dal-2027-al-posto-della-sardegna"},"share_on_mastodon":{"url":"","error":""},"_links":{"self":[{"href":"https:\/\/www.europesays.com\/it\/wp-json\/wp\/v2\/posts\/125882","targetHints":{"allow":["GET"]}}],"collection":[{"href":"https:\/\/www.europesays.com\/it\/wp-json\/wp\/v2\/posts"}],"about":[{"href":"https:\/\/www.europesays.com\/it\/wp-json\/wp\/v2\/types\/post"}],"author":[{"embeddable":true,"href":"https:\/\/www.europesays.com\/it\/wp-json\/wp\/v2\/users\/3"}],"replies":[{"embeddable":true,"href":"https:\/\/www.europesays.com\/it\/wp-json\/wp\/v2\/comments?post=125882"}],"version-history":[{"count":0,"href":"https:\/\/www.europesays.com\/it\/wp-json\/wp\/v2\/posts\/125882\/revisions"}],"wp:featuredmedia":[{"embeddable":true,"href":"https:\/\/www.europesays.com\/it\/wp-json\/wp\/v2\/media\/125883"}],"wp:attachment":[{"href":"https:\/\/www.europesays.com\/it\/wp-json\/wp\/v2\/media?parent=125882"}],"wp:term":[{"taxonomy":"category","embeddable":true,"href":"https:\/\/www.europesays.com\/it\/wp-json\/wp\/v2\/categories?post=125882"},{"taxonomy":"post_tag","embeddable":true,"href":"https:\/\/www.europesays.com\/it\/wp-json\/wp\/v2\/tags?post=125882"}],"curies":[{"name":"wp","href":"https:\/\/api.w.org\/{rel}","templated":true}]}}