{"id":126112,"date":"2025-09-23T17:27:11","date_gmt":"2025-09-23T17:27:11","guid":{"rendered":"https:\/\/www.europesays.com\/it\/126112\/"},"modified":"2025-09-23T17:27:11","modified_gmt":"2025-09-23T17:27:11","slug":"il-divorzio-da-patrizio-roversi-dopo-20-anni-sono-stata-un-po-farfallina-volevo-essere-libera","status":"publish","type":"post","link":"https:\/\/www.europesays.com\/it\/126112\/","title":{"rendered":"\u00abIl divorzio da Patrizio Roversi dopo 20 anni? Sono stata un po&#8217; farfallina, volevo essere libera\u00bb"},"content":{"rendered":"<p>&#13;<br \/>\n                               &#13;<br \/>\n                                                &#13;<br \/>\n                &#13;<\/p>\n<p>A <strong><a href=\"https:\/\/www.leggo.it\/t\/la-volta-buona\" rel=\"nofollow noopener\" target=\"_blank\">La volta buona<\/a><\/strong> si parla di matrimoni, amore e&#8230; tradimenti. Nel salottino di <a href=\"https:\/\/www.leggo.it\/t\/caterina-balivo\" rel=\"nofollow noopener\" target=\"_blank\">Caterina Balivo<\/a> tanti ospiti commentano le loro storie e i loro rapporti con gli ex coniugi. Tra di loro anche <strong><a href=\"https:\/\/www.leggo.it\/t\/syusy-blady\" rel=\"nofollow noopener\" target=\"_blank\">Syusy Blady<\/a><\/strong>\u00a0che ha parlato del divorzio dall&#8217;ex marito dopo 20 anni di matrimonio con <strong><a href=\"https:\/\/www.leggo.it\/t\/patrizio-roversi\" rel=\"nofollow noopener\" target=\"_blank\">Patrizio Roversi<\/a><\/strong>.\u00a0<\/p>\n<p>&#13;<br \/>\n&#13;<\/p>\n<p>\u00ab\u00c8 finita perch\u00e9 gli \u00e8 finita la pazienza, poverino. Lo capisco. Ci vogliamo bene, quello che era la nostra differenza \u00e8 venuta fuori. Io ero pi\u00f9 sofferente, pi\u00f9 agitata, lui per me \u00e8 come una parente, ci conosciamo da tanti anni\u00bb, racconta con ironia Syusy.\u00a0<\/p>\n<p>&#13;<br \/>\n&#13;<br \/>\n\u00a0&#13;<br \/>\n&#13;<br \/>\n\u00a0&#13;<br \/>\n&#13;<br \/>\nLa fine del matrimonio&#13;<br \/>\n&#13;<br \/>\n&#13;<br \/>\n&#13;<\/p>\n<p>La fine del <a href=\"https:\/\/www.leggo.it\/t\/matrimonio\" rel=\"nofollow noopener\" target=\"_blank\">matrimonio<\/a> tra Syusy Blady e Patrizio Roversi \u00e8 stata molto discussa:\u00a0\u00abLui ha sofferto molto per la fine del matrimonio? Ci sono state tante fasi di avvicinamento alla rottura\u2026 siamo stati per parecchi tempo amici, poi ci siamo messi insieme, poi collaboratori a lavoro, poi la convivenza, poi il matrimonio, poi la figlia\u2026 e poi\u2026 e poi\u2026\u00bb, racconta lei a La volta buona.<\/p>\n<p>&#13;<br \/>\n&#13;<\/p>\n<p>Caterina Balivo, sorpresa e curiosa, chiede:\u00a0\u00abAbbiamo capito chi ha chiuso la porta di casa. Hai un altro amore?\u00bb<\/p>\n<p>Ma Syusy \u00e8 perentoria: \u00abNo, non c&#8217;\u00e8 nessuno. <\/p>\n<p>Questo affetto con Patrizio non si pu\u00f2 definire. Continuiamo a lavorare insieme e abbiamo una figlia insieme. La separazione \u00e8 il massimo perch\u00e9 \u00e8 questa cosa sospesa in cui non hai pi\u00f9 obbligo di convivenza, obbligo di fedelt\u00e0, ma c\u2019\u00e8 comunque un legame. La fase della separazione mi piaceva tantissimo. Perch\u00e9 \u00e8 finita? Non lo so. Anche quella \u00e8 una fase della vita. La mia volont\u00e0 di fare altro, fare altre esperienze, stare con altri\u00bb.\u00a0&#13;<br \/>\n&#13;<\/p>\n<p>Poi confessa:\u00a0\u00ab<strong>Sono stata pi\u00f9 farfallina<\/strong>, volevo essere libera. Non sono stata scoperta, ce lo siamo detti alla fine\u00bb.\u00a0<\/p>\n<p>                                &#13;<br \/>\n                &#13;<br \/>\n&#13;<br \/>\n                Ultimo aggiornamento: marted\u00ec 23 settembre 2025, 19:21&#13;<br \/>\n                <br \/>&#13;<br \/>\n                &#13;<br \/>\n                  &#13;<br \/>\n                    &#13;<br \/>\n                        \u00a9 RIPRODUZIONE RISERVATA&#13;<\/p>\n<p>&#13;<\/p>\n<p>                    &#13;<\/p>\n","protected":false},"excerpt":{"rendered":"&#13; &#13; &#13; &#13; A La volta buona si parla di matrimoni, amore e&#8230; tradimenti. Nel salottino di&hellip;\n","protected":false},"author":3,"featured_media":126113,"comment_status":"","ping_status":"","sticky":false,"template":"","format":"standard","meta":{"footnotes":""},"categories":[174],"tags":[203,204,1537,90,89,50667,51922],"class_list":{"0":"post-126112","1":"post","2":"type-post","3":"status-publish","4":"format-standard","5":"has-post-thumbnail","7":"category-intrattenimento","8":"tag-entertainment","9":"tag-intrattenimento","10":"tag-it","11":"tag-italia","12":"tag-italy","13":"tag-patrizio-roversi","14":"tag-syusy-blady"},"share_on_mastodon":{"url":"","error":""},"_links":{"self":[{"href":"https:\/\/www.europesays.com\/it\/wp-json\/wp\/v2\/posts\/126112","targetHints":{"allow":["GET"]}}],"collection":[{"href":"https:\/\/www.europesays.com\/it\/wp-json\/wp\/v2\/posts"}],"about":[{"href":"https:\/\/www.europesays.com\/it\/wp-json\/wp\/v2\/types\/post"}],"author":[{"embeddable":true,"href":"https:\/\/www.europesays.com\/it\/wp-json\/wp\/v2\/users\/3"}],"replies":[{"embeddable":true,"href":"https:\/\/www.europesays.com\/it\/wp-json\/wp\/v2\/comments?post=126112"}],"version-history":[{"count":0,"href":"https:\/\/www.europesays.com\/it\/wp-json\/wp\/v2\/posts\/126112\/revisions"}],"wp:featuredmedia":[{"embeddable":true,"href":"https:\/\/www.europesays.com\/it\/wp-json\/wp\/v2\/media\/126113"}],"wp:attachment":[{"href":"https:\/\/www.europesays.com\/it\/wp-json\/wp\/v2\/media?parent=126112"}],"wp:term":[{"taxonomy":"category","embeddable":true,"href":"https:\/\/www.europesays.com\/it\/wp-json\/wp\/v2\/categories?post=126112"},{"taxonomy":"post_tag","embeddable":true,"href":"https:\/\/www.europesays.com\/it\/wp-json\/wp\/v2\/tags?post=126112"}],"curies":[{"name":"wp","href":"https:\/\/api.w.org\/{rel}","templated":true}]}}