{"id":126120,"date":"2025-09-23T17:31:10","date_gmt":"2025-09-23T17:31:10","guid":{"rendered":"https:\/\/www.europesays.com\/it\/126120\/"},"modified":"2025-09-23T17:31:10","modified_gmt":"2025-09-23T17:31:10","slug":"insidiosa-ciclogenesi-tra-sabato-e-domenica-gli-aggiornamenti","status":"publish","type":"post","link":"https:\/\/www.europesays.com\/it\/126120\/","title":{"rendered":"insidiosa ciclogenesi tra Sabato e Domenica, gli aggiornamenti"},"content":{"rendered":"<p><img decoding=\"async\" fetchpriority=\"high\" loading=\"eager\" itemprop=\"image\" class=\"news_content_image\" src=\"https:\/\/www.europesays.com\/it\/wp-content\/uploads\/2025\/09\/Weekend-22925.JPEG\" alt=\"\" title=\"Insidiosa ciclogenesi tra Sabato e Domenica\" width=\"700\" height=\"533\"\/>Insidiosa ciclogenesi tra Sabato e Domenica\n<\/p>\n<p>L&#8217;Italia si appresta ad affrontare un weekend ricco di novit\u00e0, dai connotati autunnali, all&#8217;insegna dell&#8217;instabilit\u00e0 meteorologica. La causa \u00e8 un&#8217;<b>insidiosa ciclogenesi<\/b> che, posizionandosi sul Mar Mediterraneo, provocher\u00e0 una fase di maltempo diffuso su buona parte del Paese, con un notevole calo delle temperature.<\/p>\n<p><b>LE PREVISIONI PER SABATO 27 E DOMENICA 28<br \/><\/b>Il cuore di questa perturbazione si stabilir\u00e0 proprio sull&#8217;Italia, innescando una serie di fenomeni intensi sia Sabato 27 Settembre, sia Domenica 28 Settembre. Le zone pi\u00f9 colpite saranno le regioni del <b>versante adriatico<\/b>, dal nord al sud, e quelle <b>centro-meridionali<\/b>. Si prevedono <b>piogge e temporali anche di forte intensit\u00e0<\/b>, che potrebbero causare disagi e accumuli importanti: a rischio, Sabato, saranno soprattutto Romagna, Marche e Abruzzo settentrionale, Domenica buona parte delle regioni meridionali.<img decoding=\"async\" fetchpriority=\"low\" loading=\"lazy\" itemprop=\"image\" class=\"news_content_image\" src=\"https:\/\/www.europesays.com\/it\/wp-content\/uploads\/2025\/09\/prec-sabato-27-settembre-230925.JPG\" alt=\"\" title=\"Le precipitazioni previste per Sabato 27 Settembre\" width=\"700\" height=\"428\"\/>Le precipitazioni previste per Sabato 27 SettembreLa situazione sar\u00e0 quasi opposta al nord-ovest, grazie ad una<b> temporanea rimonta anticiclonica<\/b>: <b>Piemonte, Lombardia occidentale e Liguria<\/b>, attualmente flagellate dal maltempo, saranno in parte risparmiate nel fine settimana. <\/p>\n<p><b>CALO TERMICO, SOTTO I 20-22\u00b0C ANCHE DI GIORNO<br \/><\/b>Uno degli effetti pi\u00f9 evidenti di questo vortice sar\u00e0 il <b>brusco calo delle temperature<\/b>. I valori massimi faticheranno a superare i <b>20-22\u00b0C<\/b> in molte regioni, riportando il clima a condizioni pi\u00f9 tipiche del periodo autunnale. \u00c8 un cambiamento marcato rispetto soprattutto allo scorso weekend, quando abbiamo avuto oltre 30\u00b0C su quasi tutto il Paese.<\/p>\n","protected":false},"excerpt":{"rendered":"Insidiosa ciclogenesi tra Sabato e Domenica L&#8217;Italia si appresta ad affrontare un weekend ricco di novit\u00e0, dai connotati&hellip;\n","protected":false},"author":3,"featured_media":126121,"comment_status":"","ping_status":"","sticky":false,"template":"","format":"standard","meta":{"footnotes":""},"categories":[79],"tags":[14,93,94,1537,90,89,419,7,15,11,84,91,12,85,92],"class_list":{"0":"post-126120","1":"post","2":"type-post","3":"status-publish","4":"format-standard","5":"has-post-thumbnail","7":"category-italia","8":"tag-cronaca","9":"tag-cronaca-italiana","10":"tag-cronacaitaliana","11":"tag-it","12":"tag-italia","13":"tag-italy","14":"tag-meteo","15":"tag-news","16":"tag-notizie","17":"tag-ultime-notizie","18":"tag-ultime-notizie-e-news-di-oggi","19":"tag-ultime-notizie-italia","20":"tag-ultimenotizie","21":"tag-ultimenotizieenewsdioggi","22":"tag-ultimenotizieitalia"},"share_on_mastodon":{"url":"","error":""},"_links":{"self":[{"href":"https:\/\/www.europesays.com\/it\/wp-json\/wp\/v2\/posts\/126120","targetHints":{"allow":["GET"]}}],"collection":[{"href":"https:\/\/www.europesays.com\/it\/wp-json\/wp\/v2\/posts"}],"about":[{"href":"https:\/\/www.europesays.com\/it\/wp-json\/wp\/v2\/types\/post"}],"author":[{"embeddable":true,"href":"https:\/\/www.europesays.com\/it\/wp-json\/wp\/v2\/users\/3"}],"replies":[{"embeddable":true,"href":"https:\/\/www.europesays.com\/it\/wp-json\/wp\/v2\/comments?post=126120"}],"version-history":[{"count":0,"href":"https:\/\/www.europesays.com\/it\/wp-json\/wp\/v2\/posts\/126120\/revisions"}],"wp:featuredmedia":[{"embeddable":true,"href":"https:\/\/www.europesays.com\/it\/wp-json\/wp\/v2\/media\/126121"}],"wp:attachment":[{"href":"https:\/\/www.europesays.com\/it\/wp-json\/wp\/v2\/media?parent=126120"}],"wp:term":[{"taxonomy":"category","embeddable":true,"href":"https:\/\/www.europesays.com\/it\/wp-json\/wp\/v2\/categories?post=126120"},{"taxonomy":"post_tag","embeddable":true,"href":"https:\/\/www.europesays.com\/it\/wp-json\/wp\/v2\/tags?post=126120"}],"curies":[{"name":"wp","href":"https:\/\/api.w.org\/{rel}","templated":true}]}}