{"id":12616,"date":"2025-07-27T22:15:08","date_gmt":"2025-07-27T22:15:08","guid":{"rendered":"https:\/\/www.europesays.com\/it\/12616\/"},"modified":"2025-07-27T22:15:08","modified_gmt":"2025-07-27T22:15:08","slug":"south-park-cosi-feroce-da-perdere-di-vista-lobiettivo-finale","status":"publish","type":"post","link":"https:\/\/www.europesays.com\/it\/12616\/","title":{"rendered":"\u00abSouth Park\u00bb, cos\u00ec feroce da perdere di vista l\u2019obiettivo finale"},"content":{"rendered":"<p class=\"chapter-paragraph\">Da sabato, anche da noi \u00e8 possibile seguire la 27esima stagione di \u00abSouth Park\u00bb di Trey Parker e Matt Stone (Comedy Centrale, Now e Paramount+). Il primo bersaglio \u00e8 stato Donald Trump. Il presidente degli Stati Uniti \u00e8 rappresentato in pieno stile \u00abSouth Park\u00bb: il personaggio viene mostrato a  letto con Satana e compare anche nudo, con ripetute allusioni ai suoi genitali. La Casa Bianca non l\u2019ha presa bene. South Park \u00e8 una ridente cittadina del Colorado, incorniciata da una catena di monti, spazzata da un vento freddo che costringe gli abitanti a vivere imbacuccati; ma alla tersezza atmosferica non corrisponde lo stato d\u2019animo degli abitanti, specie dei pi\u00f9 piccoli. <br \/>\u00abSouth Park\u00bb \u00e8 il proscenio sul quale si esibiscono quattro mascalzoncelli che della civilt\u00e0 sembrano apprezzare solo gli aspetti nocivi e tutto ci\u00f2 che fa di essa un flagello concertato e metodico. <br \/>Gli eroi si sono spartiti i ruoli: Stan Marsh, 8 anni, cappello blu e pon pon rosso per tenere al caldo la perfida intelligenza, \u00e8 il leader nonostante abbia una sorella che lo picchia, un cagnetto gay e tradisca con un vomito ogni emozione d\u2019amore; Kyle Broslovski, cappello verde con copriorecchie, ebreo, simpatico ma incline alla depressione, soprattutto perch\u00e9 non riceve mai regali di Natale, amante del football; Kenny MacCormick, testa nascosta da uno strano cappuccio, fatica a esprimersi, \u00e8 povero e, in quanto tale, vittima designata di ogni nefandezza, muore a ogni episodio per resuscitare nel successivo; Eric Cartman \u00e8 il grassone cresciuto a patate e tv spazzatura, un provocatore.La religione, il sesso, la morte, la guerra, la violenza: nulla si salva, e tutto \u00e8 raccontato con un linguaggio visivo e verbale sempre esplicito, persino offensivo. <br \/><b>L\u2019intento \u00e8 dimostrare quanto paralizzante possano essere due ossessioni tipiche della cultura americana<\/b> (poi esportate ovunque): il relativismo culturale e la correttezza politica. South Park \u00e8 bidimensionale e senza sfumature come i suoi creatori: la loro critica alla societ\u00e0 non ammette repliche. Spesso \u00e8 talmente feroce da perdere di vista l\u2019obiettivo finale, e non sempre il gioco distruttivo \u00e8 all\u2019altezza delle aspettative.    &#13;<br \/>\n&#13;<br \/>\n&#13;<br \/>\n&#13;<br \/>\n&#13;<br \/>\n&#13;<br \/>\n&#13;<br \/>\n&#13;<br \/>\n&#13;<br \/>\n&#13;<br \/>\n&#13;<br \/>\n&#13;<br \/>\n&#13;<br \/>\n&#13;<br \/>\n&#13;<br \/>\n&#13;<br \/>\n&#13;<br \/>\n&#13;<br \/>\n&#13;<br \/>\n&#13;<br \/>\n&#13;<br \/>\n&#13;<br \/>\n&#13;<br \/>\n&#13;<br \/>\n&#13;<br \/>\n&#13;<br \/>\n&#13;<br \/>\n&#13;<br \/>\n&#13;<br \/>\n&#13;<br \/>\n&#13;<br \/>\n&#13;<br \/>\n&#13;<br \/>\n&#13;<br \/>\n&#13;<br \/>\n&#13;<br \/>\n&#13;<br \/>\n&#13;<br \/>\n&#13;<br \/>\n&#13;<br \/>\n&#13;<br \/>\n&#13;<br \/>\n&#13;<br \/>\n&#13;<br \/>\n&#13;<br \/>\n&#13;<br \/>\n&#13;<br \/>\n&#13;<br \/>\n&#13;<br \/>\n&#13;<br \/>\n&#13;<br \/>\n&#13;<br \/>\n&#13;\n<\/p>\n<p class=\"is-last-update\" datetime=\"2025-07-27T20:55:25+02:00\">27 luglio 2025<\/p>\n<p class=\"is-copyright\">\n            \u00a9 RIPRODUZIONE RISERVATA\n        <\/p>\n","protected":false},"excerpt":{"rendered":"Da sabato, anche da noi \u00e8 possibile seguire la 27esima stagione di \u00abSouth Park\u00bb di Trey Parker e&hellip;\n","protected":false},"author":3,"featured_media":12617,"comment_status":"","ping_status":"","sticky":false,"template":"","format":"standard","meta":{"footnotes":""},"categories":[1444],"tags":[4111,15984,15985,15986,15987,15988,15989,15990,13033,203,15975,15976,15977,1426,204,1537,90,89,809,15978,2953,8013,15979,15980,15981,15973,15974,253,6370,15982,15983],"class_list":{"0":"post-12616","1":"post","2":"type-post","3":"status-publish","4":"format-standard","5":"has-post-thumbnail","7":"category-tv","8":"tag-abitanti","9":"tag-abitanti-specie","10":"tag-abitanti-specie-piccoli","11":"tag-abitanti-vivere","12":"tag-abitanti-vivere-imbacuccati","13":"tag-allusioni","14":"tag-allusioni-genitali","15":"tag-allusioni-genitali-bianca","16":"tag-cappello","17":"tag-entertainment","18":"tag-feroce","19":"tag-feroce-perdere","20":"tag-feroce-perdere-vista","21":"tag-finale","22":"tag-intrattenimento","23":"tag-it","24":"tag-italia","25":"tag-italy","26":"tag-obiettivo","27":"tag-obiettivo-finale","28":"tag-park","29":"tag-perdere","30":"tag-perdere-vista","31":"tag-perdere-vista-obiettivo","32":"tag-pon","33":"tag-south","34":"tag-south-park","35":"tag-tv","36":"tag-vista","37":"tag-vista-obiettivo","38":"tag-vista-obiettivo-finale"},"share_on_mastodon":{"url":"","error":""},"_links":{"self":[{"href":"https:\/\/www.europesays.com\/it\/wp-json\/wp\/v2\/posts\/12616","targetHints":{"allow":["GET"]}}],"collection":[{"href":"https:\/\/www.europesays.com\/it\/wp-json\/wp\/v2\/posts"}],"about":[{"href":"https:\/\/www.europesays.com\/it\/wp-json\/wp\/v2\/types\/post"}],"author":[{"embeddable":true,"href":"https:\/\/www.europesays.com\/it\/wp-json\/wp\/v2\/users\/3"}],"replies":[{"embeddable":true,"href":"https:\/\/www.europesays.com\/it\/wp-json\/wp\/v2\/comments?post=12616"}],"version-history":[{"count":0,"href":"https:\/\/www.europesays.com\/it\/wp-json\/wp\/v2\/posts\/12616\/revisions"}],"wp:featuredmedia":[{"embeddable":true,"href":"https:\/\/www.europesays.com\/it\/wp-json\/wp\/v2\/media\/12617"}],"wp:attachment":[{"href":"https:\/\/www.europesays.com\/it\/wp-json\/wp\/v2\/media?parent=12616"}],"wp:term":[{"taxonomy":"category","embeddable":true,"href":"https:\/\/www.europesays.com\/it\/wp-json\/wp\/v2\/categories?post=12616"},{"taxonomy":"post_tag","embeddable":true,"href":"https:\/\/www.europesays.com\/it\/wp-json\/wp\/v2\/tags?post=12616"}],"curies":[{"name":"wp","href":"https:\/\/api.w.org\/{rel}","templated":true}]}}