{"id":126211,"date":"2025-09-23T18:29:13","date_gmt":"2025-09-23T18:29:13","guid":{"rendered":"https:\/\/www.europesays.com\/it\/126211\/"},"modified":"2025-09-23T18:29:13","modified_gmt":"2025-09-23T18:29:13","slug":"esempio-lampante-di-come-limprevedibile-sia-dietro-langolo","status":"publish","type":"post","link":"https:\/\/www.europesays.com\/it\/126211\/","title":{"rendered":"\u00abEsempio lampante di come l\u2019imprevedibile sia dietro l\u2019angolo\u00bb"},"content":{"rendered":"<p>\n                            Ogni giorno le notizie pi\u00f9 lette della giornata<br \/>\n                            <b>Iscriviti<\/b> e ricevi le notizie via email\n                        <\/p>\n<p>In Italia la spesa sanitaria continua a crescere: gli ultimi dati relativi al 2023 affermano che la spesa ha raggiunto i 176,1 miliardi di euro, pari all\u20198,3% del PIL. Una parte significativa di questa spesa \u2013 circa 45 miliardi di euro \u2013 ricade direttamente sulle famiglie, mentre invece meno del 10% viene mediata da assicurazioni e fondi sanitari, evidenziando \u00abun divario importante rispetto ad altri Paesi europei\u00bb.<\/p>\n<p>&#13;<\/p>\n<p>APPROFONDIMENTI<\/p>\n<p>&#13;<br \/>\n    &#13;<\/p>\n<p>IGB Broker sar\u00e0 presente il prossimo 24 settembre 2025 al convegno organizzato dalla sezione campana della <strong>Sipmel<\/strong> (Societ\u00e0 di Patologia Clinica e di Medicina di laboratorio, presieduta dal dottor <strong>Bruno Talento)<\/strong> \u201cPatogeni emergenti e antibiotico-resistenza: quale futuro?\u201d presso il Policlinico Federico II di Napoli, sottolineando la volont\u00e0 di contribuire a momenti di confronto scientifico e professionale sulla salute pubblica. Tra i temi trattati dagli esperti ci sar\u00e0 anche il virus <strong>West Nile<\/strong>, vero spauracchio dell\u2019estate degli italiani. \u201cL\u2019estate appena trascorsa, con l\u2019emergenza legata al virus West Nile, \u00e8 esempio lampante di come l\u2019imprevedibilit\u00e0 sia una variabile costante nel campo della salute pubblica. \u00c8 necessario lavorare insieme per rendere queste soluzioni pi\u00f9 accessibili, proteggendo cittadini e professionisti e creando una cultura assicurativa che continua a farsi strada ancora troppo lentamente\u201d.<\/p>\n<p>Lo afferma <strong>Angelo Coviello<\/strong>, CEO di IGB Broker, che parla di una sensibilit\u00e0 verso le assicurazioni sanitarie a \u201cdue velocit\u00e0\u201d. <\/p>\n<p>Se infatti tra i professionisti sanitari, grazie anche all\u2019obbligo di assicurazione introdotto dalla Legge Gelli, cresce la consapevolezza dell\u2019importanza della copertura assicurativa (tra il 2011 e il 2022 il numero di professionisti sanitari assicurati \u00e8 passato da 297.357 a 442.179, con un incremento del 48,7%), la sensibilit\u00e0 dei cittadini privati verso la mediazione assicurativa per l\u2019accesso alle cure mediche resta molto limitata.<\/p>\n<p>\u00abParliamo chiaramente &#8211; afferma Coviello &#8211; di due tipologie di \u2018protezione\u2019 diverse, ma i numeri cristallizzano come in alcune aree del Paese serva una cultura diversa per far percepire l\u2019importanza dello strumento assicurativo\u201d. Questa situazione crea \u2013 secondo Coviello &#8211; un sistema \u201ca due velocit\u00e0\u201d, in cui chi opera nel settore sanitario \u00e8 protetto, mentre l\u2019accesso alle cure per la popolazione generale pu\u00f2 risultare disomogeneo.<\/p>\n<p>Questo nonostante, nel comparto salute, la raccolta premi complessiva ha superato i 7,4 miliardi di euro nel 2023, con una crescita del 6,7% rispetto all\u2019anno precedente. Il ramo malattia, in particolare, ha registrato un incremento a doppia cifra (+10,9%), confermando la crescente domanda di strumenti assicurativi a sostegno del Servizio Sanitario Nazionale e delle famiglie. \u00abOggi pi\u00f9 che mai, le polizze salute rappresentano un presidio essenziale per garantire continuit\u00e0 e accessibilit\u00e0 alle cure\u00bb, continua il broker. \u201cLa spesa sanitaria privata grava in modo significativo sui bilanci delle famiglie italiane, ma solo una minima parte \u00e8 coperta da strumenti assicurativi. \u00c8 necessario lavorare insieme per rendere queste soluzioni pi\u00f9 accessibili, proteggendo cittadini e professionisti e creando una cultura assicurativa che continua a farsi strada ancora troppo lentamente\u201d.<\/p>\n<p>\u00abSostenere una cultura assicurativa diffusa \u00e8 oggi fondamentale non solo per la protezione dei professionisti sanitari, ma anche per garantire un accesso equo alle cure a tutti i cittadini\u00bb, conclude Coviello. \u00abL\u2019obiettivo deve essere creare un sistema in cui la prevenzione e la tutela sanitaria non siano privilegio di pochi, ma un diritto realmente accessibile\u00bb.<\/p>\n","protected":false},"excerpt":{"rendered":"Ogni giorno le notizie pi\u00f9 lette della giornata Iscriviti e ricevi le notizie via email In Italia la&hellip;\n","protected":false},"author":3,"featured_media":126212,"comment_status":"","ping_status":"","sticky":false,"template":"","format":"standard","meta":{"footnotes":""},"categories":[1481],"tags":[2065,2066,239,2063,2064,1537,90,89,240],"class_list":{"0":"post-126211","1":"post","2":"type-post","3":"status-publish","4":"format-standard","5":"has-post-thumbnail","7":"category-assistenza-sanitaria","8":"tag-assistenza-sanitaria","9":"tag-assistenzasanitaria","10":"tag-health","11":"tag-health-care","12":"tag-healthcare","13":"tag-it","14":"tag-italia","15":"tag-italy","16":"tag-salute"},"share_on_mastodon":{"url":"","error":""},"_links":{"self":[{"href":"https:\/\/www.europesays.com\/it\/wp-json\/wp\/v2\/posts\/126211","targetHints":{"allow":["GET"]}}],"collection":[{"href":"https:\/\/www.europesays.com\/it\/wp-json\/wp\/v2\/posts"}],"about":[{"href":"https:\/\/www.europesays.com\/it\/wp-json\/wp\/v2\/types\/post"}],"author":[{"embeddable":true,"href":"https:\/\/www.europesays.com\/it\/wp-json\/wp\/v2\/users\/3"}],"replies":[{"embeddable":true,"href":"https:\/\/www.europesays.com\/it\/wp-json\/wp\/v2\/comments?post=126211"}],"version-history":[{"count":0,"href":"https:\/\/www.europesays.com\/it\/wp-json\/wp\/v2\/posts\/126211\/revisions"}],"wp:featuredmedia":[{"embeddable":true,"href":"https:\/\/www.europesays.com\/it\/wp-json\/wp\/v2\/media\/126212"}],"wp:attachment":[{"href":"https:\/\/www.europesays.com\/it\/wp-json\/wp\/v2\/media?parent=126211"}],"wp:term":[{"taxonomy":"category","embeddable":true,"href":"https:\/\/www.europesays.com\/it\/wp-json\/wp\/v2\/categories?post=126211"},{"taxonomy":"post_tag","embeddable":true,"href":"https:\/\/www.europesays.com\/it\/wp-json\/wp\/v2\/tags?post=126211"}],"curies":[{"name":"wp","href":"https:\/\/api.w.org\/{rel}","templated":true}]}}