{"id":126634,"date":"2025-09-23T23:30:10","date_gmt":"2025-09-23T23:30:10","guid":{"rendered":"https:\/\/www.europesays.com\/it\/126634\/"},"modified":"2025-09-23T23:30:10","modified_gmt":"2025-09-23T23:30:10","slug":"campi-reali-pure-questa-e-tosta-a-milano-profumo-di-superlega","status":"publish","type":"post","link":"https:\/\/www.europesays.com\/it\/126634\/","title":{"rendered":"Campi Reali, pure questa \u00e8 tosta. A Milano profumo di Superlega"},"content":{"rendered":"\n<p> Terzo allenamento congiunto per la Campi Reali Cant\u00f9, che prosegue il cammino di avvicinamento al campionato di pallavolo di serie A2 maschile. Oggi pomeriggio alle 17, al Centro Pavesi Fipav di Milano, si metter\u00e0 alla prova contro una formazione di Superlega, l\u2019Allianz Milano, per testare il proprio stato di forma.<\/p>\n<p>  Roster incompleto <\/p>\n<p> Si tratta della seconda amichevole contro una squadra della massima serie nel giro di pochi giorni, dopo che venerd\u00ec i ragazzi di coach Alessio Zingoni hanno ben figurato contro la Mint Vero Volley Monza, uscendo sconfitti solo al tie-break, dopo essere stati in vantaggio 1-0 e 2-1. Come Monza, anche Milano, allenata da coach Roberto Piazza, ha a disposizione un roster ben lontano da quello che si vedr\u00e0 in campionato. <\/p>\n<p>Sono stati ben sei i giocatori convocati al mondiale in corso nelle Filippine, oltre allo stesso Piazza, protagonista sulla panchina dell\u2019Iran. <\/p>\n<p>E se l\u2019esperienza di Fernando Kreling, brasiliano e di Tatsunori Otsuka, giapponese, \u00e8 finita gi\u00e0 dopo la fase a gironi, Nemanja Masulovic, serbo, Veikka Lindqvist, finlandese, e i due belgi Ferre Reggers e Seppe Rotty, questa mattina avversari dell\u2019Italia nei quarti, hanno proseguito il cammino nella fase a eliminazione diretta. <\/p>\n<p>Chi \u00e8 rimasto in Italia, comunque, ha talento e atletismo di categoria superiore. Per Luca Butti e compagni sar\u00e0 dunque un test importante, utile, come ha dichiarato coach Zingoni prima della coppia di gare contro squadre di Superlega, anche per imparare a soffrire in vista di un\u2019annata in cui ce ne sar\u00e0 bisogno. <\/p>\n<p>A braccio sciolto, per\u00f2, Cant\u00f9 ha gi\u00e0 fatto vedere ottime cose nell\u2019ultima uscita, con un Gaetano Penna pronto a erigersi come faro offensivo, Nikolay Ivanov e Andrea Bacco a supportare e una panchina che sta dimostrando di contare diverse alternative: dall\u2019opposto Francesco Quagliozzi al regista Federico Bonacchi, passando per i vari Matteo Meschiari, Gabriele Pertoldi e Gioele Taiwo. Al di l\u00e0 del risultato, sar\u00e0 importante confermarsi. <\/p>\n<p>  Gli altri test <\/p>\n<p>Entrambi gli allenamenti congiunti disputati fin qui, sia quello vinto con i Diavoli Rosa, sia quello perso di un soffio con Monza, sono stati senz\u2019altro positivi. Dopo Milano, i test si faranno ben pi\u00f9 provanti. Gi\u00e0 sabato, al PalaFrancescucci, arriver\u00e0 Reggio Emilia, retrocessa dall\u2019A2 all\u2019A3 nello scorso campionato. <\/p>\n<p>Sar\u00e0 il primo di due doppi confronti: il primo ottobre si giocher\u00e0 a campi invertiti e seguiranno due sfide contro Brescia, squadra top di A2, il 4 e il 10 ottobre. Poi, finalmente, l\u2019esordio in campionato, in programma domenica 19, a Casnate, contro la Virtus Aversa.  <\/p>\n","protected":false},"excerpt":{"rendered":"Terzo allenamento congiunto per la Campi Reali Cant\u00f9, che prosegue il cammino di avvicinamento al campionato di pallavolo&hellip;\n","protected":false},"author":3,"featured_media":126635,"comment_status":"","ping_status":"","sticky":false,"template":"","format":"standard","meta":{"footnotes":""},"categories":[1474],"tags":[5765,54153,36225,20484,721,75081,1824,84125,9454,1537,90,89,84124,26143,2347,84123,245,244,1869],"class_list":{"0":"post-126634","1":"post","2":"type-post","3":"status-publish","4":"format-standard","5":"has-post-thumbnail","7":"category-volley","8":"tag-alessio-zingoni","9":"tag-allianz-milano","10":"tag-atletica-leggera","11":"tag-automobilismo","12":"tag-calcio","13":"tag-campi-reali-cantu","14":"tag-ciclismo","15":"tag-diavoli-rosa","16":"tag-fipav","17":"tag-it","18":"tag-italia","19":"tag-italy","20":"tag-libertas","21":"tag-mint-vero-volley-monza","22":"tag-pallavolo","23":"tag-roberto-piazza","24":"tag-sport","25":"tag-sports","26":"tag-volley"},"share_on_mastodon":{"url":"","error":""},"_links":{"self":[{"href":"https:\/\/www.europesays.com\/it\/wp-json\/wp\/v2\/posts\/126634","targetHints":{"allow":["GET"]}}],"collection":[{"href":"https:\/\/www.europesays.com\/it\/wp-json\/wp\/v2\/posts"}],"about":[{"href":"https:\/\/www.europesays.com\/it\/wp-json\/wp\/v2\/types\/post"}],"author":[{"embeddable":true,"href":"https:\/\/www.europesays.com\/it\/wp-json\/wp\/v2\/users\/3"}],"replies":[{"embeddable":true,"href":"https:\/\/www.europesays.com\/it\/wp-json\/wp\/v2\/comments?post=126634"}],"version-history":[{"count":0,"href":"https:\/\/www.europesays.com\/it\/wp-json\/wp\/v2\/posts\/126634\/revisions"}],"wp:featuredmedia":[{"embeddable":true,"href":"https:\/\/www.europesays.com\/it\/wp-json\/wp\/v2\/media\/126635"}],"wp:attachment":[{"href":"https:\/\/www.europesays.com\/it\/wp-json\/wp\/v2\/media?parent=126634"}],"wp:term":[{"taxonomy":"category","embeddable":true,"href":"https:\/\/www.europesays.com\/it\/wp-json\/wp\/v2\/categories?post=126634"},{"taxonomy":"post_tag","embeddable":true,"href":"https:\/\/www.europesays.com\/it\/wp-json\/wp\/v2\/tags?post=126634"}],"curies":[{"name":"wp","href":"https:\/\/api.w.org\/{rel}","templated":true}]}}