{"id":127165,"date":"2025-09-24T06:44:10","date_gmt":"2025-09-24T06:44:10","guid":{"rendered":"https:\/\/www.europesays.com\/it\/127165\/"},"modified":"2025-09-24T06:44:10","modified_gmt":"2025-09-24T06:44:10","slug":"da-parma-al-primato-italiano-al-mondiale-munarini-in-finale-di-rugby-world-cup","status":"publish","type":"post","link":"https:\/\/www.europesays.com\/it\/127165\/","title":{"rendered":"Da Parma al primato italiano al mondiale: Munarini in finale di Rugby World Cup"},"content":{"rendered":"<p>World Rugby ha diramato le designazioni per la Finale della Rugby World Cup 2025: a dirigere la sfida di Twickenham tra Inghilterra e Canada sar\u00e0 la scozzese Hollie Davidson, ma la notizia, almeno per il rugby italiano, \u00e8 quella che riguarda Clara Munarini e Matteo Liperini.<\/p>\n<p>Munarini sar\u00e0 infatti una delle due assistenti di Davidson, mentre Liperini sar\u00e0 l\u2019addetto al Bunker.<\/p>\n<p>Una designazione che resta storica: se nel 2011 Giulio De Santis fu TMO nella finale tra Nuova Zelanda e Francia, Clara Munarini \u00e8 la\u00a0prima italiana a partecipare in campo a una finale della Coppa del Mondo.<\/p>\n<p>Per Munarini \u00e8 un traguardo importante, arrivato dopo anni d\u2019impegno, per una carriera iniziata nel 2011, nel corso della quale la direttrice di gara di Parma \u00e8 stata la prima in tanti casi: unica donna del suo corso di formazione, prima donna ad arbitrare una finale maschile in Italia (Coppa Italia 2021 tra Petrarca e Fiamme Oro), ora, dopo anni di esperienza nell\u2019alto livello internazionale, si appresta a scendere in campo in uno stadio di Twickenham tutto esaurito per l\u2019atto conclusivo di un mondiale da record.<\/p>\n<p>\u201cQuesta designazione \u2013 dice Munarini \u2013 \u00e8 il coronamento di un percorso duro, iniziato dopo il mondiale in Nuova Zelanda nel 2022. Un percorso faticoso, ma soddisfacente. Voglio ringraziare tutta la struttura che mi ha permesso di crescere, che mi ha seguita e che mi ha supportata in tutti questi anni. Voglio per\u00f2 anche ringraziare me stessa per la caparbiet\u00e0 messa in campo in un ambiente molto competitivo e che cresce a grande velocit\u00e0. Sar\u00e0 una grande finale, giocata nel tempio del rugby, che sar\u00e0 tutto esaurito per l\u2019occasione, con due squadre che sono certa continueranno a mostrare le belle cose che hanno fatto vedere finora in questo torneo. Sia io che Matteo non vediamo l\u2019ora che arrivi sabato. Le ultime settimane sono state indimenticabili, ma anche intense: vogliamo concludere al meglio la nostra esperienza in questa Rugby World Cup, partecipando al grande spettacolo di questa finale\u201d.<\/p>\n<p>Inghilterra v Canada, finale della Rugby World Cup, sar\u00e0 trasmessa in chiaro sabato 27 settembre alle ore 17 italiane, su Rai Sport, e sar\u00e0 anticipata dalla finale per il terzo posto tra Nuova Zelanda e Francia (13:30 italiane, in diretta su Rugbypass TV).<\/p>\n<p>\t\t\t\t\t\t\t\t\t\t\t\t\t\t\t\t\t\t\t\t\t\t\t<img decoding=\"async\" src=\"https:\/\/www.europesays.com\/it\/wp-content\/uploads\/2025\/08\/sportparma_logo2017_trasparente_primo.png\"\/><\/p>\n","protected":false},"excerpt":{"rendered":"World Rugby ha diramato le designazioni per la Finale della Rugby World Cup 2025: a dirigere la sfida&hellip;\n","protected":false},"author":3,"featured_media":127166,"comment_status":"","ping_status":"","sticky":false,"template":"","format":"standard","meta":{"footnotes":""},"categories":[1458],"tags":[1537,90,89,1840,245,244],"class_list":{"0":"post-127165","1":"post","2":"type-post","3":"status-publish","4":"format-standard","5":"has-post-thumbnail","7":"category-rugby","8":"tag-it","9":"tag-italia","10":"tag-italy","11":"tag-rugby","12":"tag-sport","13":"tag-sports"},"share_on_mastodon":{"url":"","error":""},"_links":{"self":[{"href":"https:\/\/www.europesays.com\/it\/wp-json\/wp\/v2\/posts\/127165","targetHints":{"allow":["GET"]}}],"collection":[{"href":"https:\/\/www.europesays.com\/it\/wp-json\/wp\/v2\/posts"}],"about":[{"href":"https:\/\/www.europesays.com\/it\/wp-json\/wp\/v2\/types\/post"}],"author":[{"embeddable":true,"href":"https:\/\/www.europesays.com\/it\/wp-json\/wp\/v2\/users\/3"}],"replies":[{"embeddable":true,"href":"https:\/\/www.europesays.com\/it\/wp-json\/wp\/v2\/comments?post=127165"}],"version-history":[{"count":0,"href":"https:\/\/www.europesays.com\/it\/wp-json\/wp\/v2\/posts\/127165\/revisions"}],"wp:featuredmedia":[{"embeddable":true,"href":"https:\/\/www.europesays.com\/it\/wp-json\/wp\/v2\/media\/127166"}],"wp:attachment":[{"href":"https:\/\/www.europesays.com\/it\/wp-json\/wp\/v2\/media?parent=127165"}],"wp:term":[{"taxonomy":"category","embeddable":true,"href":"https:\/\/www.europesays.com\/it\/wp-json\/wp\/v2\/categories?post=127165"},{"taxonomy":"post_tag","embeddable":true,"href":"https:\/\/www.europesays.com\/it\/wp-json\/wp\/v2\/tags?post=127165"}],"curies":[{"name":"wp","href":"https:\/\/api.w.org\/{rel}","templated":true}]}}