{"id":127410,"date":"2025-09-24T13:15:10","date_gmt":"2025-09-24T13:15:10","guid":{"rendered":"https:\/\/www.europesays.com\/it\/127410\/"},"modified":"2025-09-24T13:15:10","modified_gmt":"2025-09-24T13:15:10","slug":"sinner-sto-cambiando-molte-cose-per-battere-alcaraz","status":"publish","type":"post","link":"https:\/\/www.europesays.com\/it\/127410\/","title":{"rendered":"Sinner: \u00abSto cambiando molte cose per battere Alcaraz\u00bb"},"content":{"rendered":"<p>    di<br \/>\n    Marco Calabresi<\/p>\n<p class=\"summary-art is-line-h-12\">L&#8217;azzurro alla vigilia del debutto nell&#8217;Atp 500 di Pechino: \u00abNon so quando sar\u00f2 in grado di mettere in pratica i cambiamenti sul campo di gioco, perch\u00e9 una cosa \u00e8 l&#8217;allenamento, un&#8217;altra \u00e8 la partita. Vedremo. Sono molto motivato\u00bb<\/p>\n<p class=\"chapter-paragraph\">A pranzo con <b>Sinner<\/b>. Il ritorno in campo di Jannik dopo la sconfitta a Flushing Meadows, con relativa perdita della prima posizione nel ranking Atp, sar\u00e0 domani alle 13 italiane (le 19 di Pechino) contro il croato <b>Marin Cilic<\/b>. Un Sinner volato in Oriente<a href=\"https:\/\/www.corriere.it\/sport\/tennis\/25_settembre_20\/sinner-alejandro-resnicoff-fisioterapista-chi-e-4506cadf-68a9-41e5-9fe3-91132d07cxlk.shtml\" title=\"Sinner, chi \u00e8 il nuovo fisioterapista Alejandro Resnicoff: lo cur\u00f2 a Wimbledon contro Dimitrov\" rel=\"nofollow noopener\" target=\"_blank\"> con un nuovo fisioterapista &#8211; l&#8217;argentino Alejandro Resnicoff<\/a> &#8211; e con la voglia di riprendersi il numero 1, senza che questa sia per\u00f2 un&#8217;ossessione.\u00a0<\/p>\n<p class=\"chapter-paragraph\">\u00abAbbiamo riflettuto molto su quella finale persa &#8211; queste le sue parole -. Stiamo lavorando, stiamo cambiando molte piccole cose. Il numero di errori al momento \u00e8 sicuramente un po&#8217; pi\u00f9 alto, ma speriamo si sistemi\u00bb. Cambiare anche a costo di sbagliare di pi\u00f9, quindi, in un doppio appuntamento asiatico in cui<b> Jannik <\/b>difender\u00e0 la finale di Pechino (persa contro Carlos Alcaraz, 330 punti) e la vittoria di <b>Shanghai <\/b>(1000).\u00a0    &#13;<br \/>\n&#13;<br \/>\n&#13;<br \/>\n&#13;<br \/>\n&#13;<br \/>\n&#13;<br \/>\n&#13;<br \/>\n&#13;<br \/>\n&#13;<br \/>\n&#13;<br \/>\n&#13;<br \/>\n&#13;<br \/>\n&#13;<br \/>\n&#13;<br \/>\n&#13;<br \/>\n&#13;<br \/>\n&#13;<br \/>\n&#13;<br \/>\n&#13;<br \/>\n&#13;<br \/>\n&#13;<br \/>\n&#13;<br \/>\n&#13;<br \/>\n&#13;<br \/>\n&#13;<br \/>\n&#13;<br \/>\n&#13;<br \/>\n&#13;<br \/>\n&#13;<br \/>\n&#13;<br \/>\n&#13;<br \/>\n&#13;<br \/>\n&#13;<br \/>\n&#13;<br \/>\n&#13;<br \/>\n&#13;<br \/>\n&#13;<br \/>\n&#13;<br \/>\n&#13;<br \/>\n&#13;<br \/>\n&#13;<br \/>\n&#13;<br \/>\n&#13;<br \/>\n&#13;<br \/>\n&#13;<br \/>\n&#13;<br \/>\n&#13;<br \/>\n&#13;<br \/>\n&#13;<br \/>\n&#13;<br \/>\n&#13;<br \/>\n&#13;<br \/>\n&#13;\n<\/p>\n<p class=\"chapter-paragraph\">\u00ab\u00c8 solo questione di tempo &#8211; spiega ancora<b> Sinner<\/b> -. Non so quando sar\u00f2 in grado di mettere in pratica i cambiamenti sul campo di gioco, perch\u00e9 una cosa \u00e8 l&#8217;allenamento, un&#8217;altra \u00e8 la partita. Vedremo. Sono molto motivato. \u00c8 fantastico lavorare su qualcosa di nuovo, poi vedremo come andr\u00e0 a finire. Cerchiamo sempre di andare avanti. Un passo avanti \u00e8 sempre meglio di due passi indietro. Vediamo cosa possiamo fare\u00bb. E sul rapporto con il nuovo fisioterapista aggiunge: \u00ab<b>\u00c8 molto esperto<\/b>, ovviamente con 15 anni di esperienza nel tour. Rispetta anche il nostro modo di essere come squadra. \u00c8 qui per aiutarmi e potenzialmente migliorare qualcosa per il mio corpo, averlo qui per me \u00e8 un super privilegio\u00bb.\u00a0<\/p>\n<p class=\"chapter-paragraph\">Nei giorni scorsi<a href=\"https:\/\/www.corriere.it\/sport\/tennis\/25_settembre_22\/federer-sinner-alcaraz-8fca9f45-e95c-4c25-9f33-37965d625xlk.shtml\" title=\"Federer: \u00abI direttori dei tornei avvantaggiano Sinner e Alcaraz perch\u00e9 li vogliono in finale\u00bb\" rel=\"nofollow noopener\" target=\"_blank\"> hanno fatto discutere le parole di Roger Federer<\/a>, secondo qui gli organizzatori adeguerebbero le condizioni dei campi per favorire le finali tra il numero 1 e il numero 2 del mondo. \u00abPenso che ci siano tre grandi variabili, che sono il <b>cemento, la terra e l\u2019erba<\/b>, ed \u00e8 sempre stato cos\u00ec &#8211; l&#8217;opinione di <b>Jannik<\/b> -. I campi in cemento sono a volte molto simili. Alcune volte ci sono dei piccoli cambiamenti. Un torneo che si distingue \u00e8 Indian Wells, perch\u00e9 la pallina rimbalza veramente in alto. Abbiamo pi\u00f9 o meno delle situazioni simili di gioco sul circuito, \u00e8 cos\u00ec da tanto tempo, non so se ci sar\u00e0 un cambiamento. Sono un giocatore che cerca di adattarsi al meglio e sento di star facendo un buon lavoro in tal senso. Ma vediamo cosa accadr\u00e0 in futuro in ogni torneo\u00bb.<\/p>\n<p class=\"is-last-update\" datetime=\"2025-09-24T12:31:23+02:00\">24 settembre 2025 ( modifica il 24 settembre 2025 | 12:31)<\/p>\n<p class=\"is-copyright\">\n            \u00a9 RIPRODUZIONE RISERVATA\n        <\/p>\n","protected":false},"excerpt":{"rendered":"di Marco Calabresi L&#8217;azzurro alla vigilia del debutto nell&#8217;Atp 500 di Pechino: \u00abNon so quando sar\u00f2 in grado&hellip;\n","protected":false},"author":3,"featured_media":127411,"comment_status":"","ping_status":"","sticky":false,"template":"","format":"standard","meta":{"footnotes":""},"categories":[176],"tags":[1265,1548,84370,84371,4197,2537,84372,84373,7919,7402,84374,84375,84376,84377,2008,921,70450,84378,20346,2024,1537,90,89,1269,1312,386,366,1272,245,244,27711],"class_list":{"0":"post-127410","1":"post","2":"type-post","3":"status-publish","4":"format-standard","5":"has-post-thumbnail","7":"category-sport","8":"tag-alcaraz","9":"tag-allenamento","10":"tag-allenamento-altra","11":"tag-allenamento-altra-partita","12":"tag-alto","13":"tag-altra","14":"tag-altra-partita","15":"tag-altra-partita-vedremo","16":"tag-atp","17":"tag-cambiamenti","18":"tag-cambiamenti-campo","19":"tag-cambiamenti-campo-gioco","20":"tag-cambiando","21":"tag-cambiando-molte","22":"tag-campi","23":"tag-campo","24":"tag-campo-gioco","25":"tag-campo-gioco-allenamento","26":"tag-cemento","27":"tag-gioco","28":"tag-it","29":"tag-italia","30":"tag-italy","31":"tag-jannik","32":"tag-numero","33":"tag-pechino","34":"tag-sinner","35":"tag-so","36":"tag-sport","37":"tag-sports","38":"tag-vedremo"},"share_on_mastodon":{"url":"","error":""},"_links":{"self":[{"href":"https:\/\/www.europesays.com\/it\/wp-json\/wp\/v2\/posts\/127410","targetHints":{"allow":["GET"]}}],"collection":[{"href":"https:\/\/www.europesays.com\/it\/wp-json\/wp\/v2\/posts"}],"about":[{"href":"https:\/\/www.europesays.com\/it\/wp-json\/wp\/v2\/types\/post"}],"author":[{"embeddable":true,"href":"https:\/\/www.europesays.com\/it\/wp-json\/wp\/v2\/users\/3"}],"replies":[{"embeddable":true,"href":"https:\/\/www.europesays.com\/it\/wp-json\/wp\/v2\/comments?post=127410"}],"version-history":[{"count":0,"href":"https:\/\/www.europesays.com\/it\/wp-json\/wp\/v2\/posts\/127410\/revisions"}],"wp:featuredmedia":[{"embeddable":true,"href":"https:\/\/www.europesays.com\/it\/wp-json\/wp\/v2\/media\/127411"}],"wp:attachment":[{"href":"https:\/\/www.europesays.com\/it\/wp-json\/wp\/v2\/media?parent=127410"}],"wp:term":[{"taxonomy":"category","embeddable":true,"href":"https:\/\/www.europesays.com\/it\/wp-json\/wp\/v2\/categories?post=127410"},{"taxonomy":"post_tag","embeddable":true,"href":"https:\/\/www.europesays.com\/it\/wp-json\/wp\/v2\/tags?post=127410"}],"curies":[{"name":"wp","href":"https:\/\/api.w.org\/{rel}","templated":true}]}}