{"id":127424,"date":"2025-09-24T13:23:14","date_gmt":"2025-09-24T13:23:14","guid":{"rendered":"https:\/\/www.europesays.com\/it\/127424\/"},"modified":"2025-09-24T13:23:14","modified_gmt":"2025-09-24T13:23:14","slug":"vaccinazioni-dal-primo-ottobre-la-campagna-in-veneto-un-milione-di-dosi-per-influenza-e-covid","status":"publish","type":"post","link":"https:\/\/www.europesays.com\/it\/127424\/","title":{"rendered":"Vaccinazioni, dal primo ottobre la campagna in Veneto: un milione di dosi per influenza e Covid"},"content":{"rendered":"<p>    di<br \/>\n    Michela Nicolussi Moro<\/p>\n<p class=\"summary-art is-line-h-12\">L&#8217;assessora regionale alla Sanit\u00e0 Lanzarin: \u00abVirus gi\u00e0 in arrivo, giochiamo d\u2019anticipo\u00bb. Finora coperture basse, pure nei bimbi, si punta sulle farmacie<\/p>\n<p class=\"chapter-paragraph\">\u00a0Anticipa ancora la <a href=\"https:\/\/corrieredelveneto.corriere.it\/notizie\/venezia-mestre\/cronaca\/25_settembre_23\/vaccini-anziani-e-stranieri-i-piu-diffidenti-dal-primo-ottobre-si-parte-con-quello-per-l-influenza-poi-il-covid-76be722c-2ce0-44d3-b93e-e4332c4a7xlk.shtml\" rel=\"nofollow noopener\" target=\"_blank\">campagna vaccinale<\/a> contro <b>influenza e Covid-19<\/b>, in Veneto. Se l\u2019anno scorso la Regione l\u2019aveva fatta partire il 7 ottobre, invece del 15 come negli anni precedenti, per la stagione invernale 2025\/2026 la data designata \u00e8 il <b>primo ottobre<\/b>. \u00abCi prepariamo ad affrontare i <b>virus influenzali <\/b>tipici del periodo freddo con la vaccinazione, l\u2019arma di prevenzione pi\u00f9 efficace in particolare contro le forme gravi della malattia, soprattutto nei<b> soggetti fragili o sopra i 60 anni<\/b> \u2014 spiega Manuela Lanzarin, assessore alla Sanit\u00e0 \u2014. La campagna inizia prima perch\u00e9 questi virus cominciano a circolare gi\u00e0 dalla seconda met\u00e0 di ottobre. Abbiamo acquistato quasi <b>un milione di dosi <\/b>da distribuire alle Usl, ai medici di famiglia, ai pediatri di libera scelta e alle farmacie pubbliche e convenzionate che hanno aderito alla campagna.  Abbiamo appena deliberato un maggior coinvolgimento di queste ultime per la vaccinazione antinfluenzale gratuita, riservata alle categorie a rischio\u00bb.<\/p>\n<p>    Per chi \u00e8 gratis<\/p>\n<p class=\"chapter-paragraph\">Cio\u00e8 over 60, bambini tra 6 mesi e 6 anni, malati cronici, obesi, immunodepressi, soggetti colpiti da diabete, asma o altre patologie respiratorie, cardiopatici, oncologici. E poi familiari e caregiver di persone fragili, addetti a servizi pubblici, forze dell\u2019ordine, sanitari, vigili del fuoco, veterinari, donatori di sangue, donne in gravidanza. Per tutti gli altri il vaccino \u00e8 a pagamento, costa<b> dai 19 ai 36 euro<\/b>. Il diktat trasmesso dal <b>ministero <\/b>della Salute alle Regioni con la circolare inviata domenica sera \u00e8 di garantire una diffusione capillare della vaccinazione, di potenziare l\u2019informazione e la prenotazione on line, proprio per aumentare una <b>copertura <\/b>ora in discesa. A fronte dell\u2019ottimale<b> 75<\/b>%, l\u2019anno scorso il Veneto per la popolazione anziana \u00e8 rimasto al <b>51,3%<\/b>, contro il 51,6% del 2023 e il 54,7% del 2022. Molto peggio \u00e8 andata per la popolazione generale: <b>18,5%<\/b>, bench\u00e9 in leggera ripresa sul 17,6% del 2023 ma sotto il 18,7% del 2022.    &#13;<br \/>\n&#13;<br \/>\n&#13;<br \/>\n&#13;<br \/>\n&#13;<br \/>\n&#13;<br \/>\n&#13;<br \/>\n&#13;<br \/>\n&#13;<br \/>\n&#13;<br \/>\n&#13;<br \/>\n&#13;<br \/>\n&#13;<br \/>\n&#13;<br \/>\n&#13;<br \/>\n&#13;<br \/>\n&#13;<br \/>\n&#13;<br \/>\n&#13;<br \/>\n&#13;<br \/>\n&#13;<br \/>\n&#13;<br \/>\n&#13;<br \/>\n&#13;<br \/>\n&#13;<br \/>\n&#13;<br \/>\n&#13;<br \/>\n&#13;<br \/>\n&#13;<br \/>\n&#13;<br \/>\n&#13;<br \/>\n&#13;<br \/>\n&#13;<br \/>\n&#13;<br \/>\n&#13;<br \/>\n&#13;<br \/>\n&#13;<br \/>\n&#13;<br \/>\n&#13;<br \/>\n&#13;<br \/>\n&#13;<br \/>\n&#13;<br \/>\n&#13;<br \/>\n&#13;<br \/>\n&#13;<br \/>\n&#13;<br \/>\n&#13;<br \/>\n&#13;<br \/>\n&#13;<br \/>\n&#13;<br \/>\n&#13;<br \/>\n&#13;<br \/>\n&#13;\n<\/p>\n<p>    La vaccinazione per il morbillo<\/p>\n<p class=\"chapter-paragraph\">Si lavora molto sul fronte della prima infanzia, vista anche la minor adesione alla vaccinazione contro il <b>morbillo<\/b>, nell\u2019ultimo anno scesa al <b>94,8%<\/b> (e crollata al 93,8% nel Vicentino, terra di no vax), con una contrazione dell\u20191,3%. E sotto il <b>95% fissato dall\u2019OMS<\/b> per garantire l\u2019\u00abimmunit\u00e0 di gregge\u00bb, cio\u00e8 la protezione della collettivit\u00e0 contro un virus tornato a uccidere. Per evitare lo stesso trend al ribasso con l\u2019antinfluenzale, la Regione ha comprato 35mila dosi (+25%) dello spray nasale per i bambini tra 2 e 6 anni, che potranno essere immunizzati dal proprio pediatra o al servizio di Igiene e Sanit\u00e0 Pubblica dell\u2019Usl di riferimento.<\/p>\n<p>    Due\u00a0\u00abVax day\u00bb<\/p>\n<p class=\"chapter-paragraph\">Per gli adulti l\u2019antinfluenzale pu\u00f2 essere co-somministrato insieme all\u2019anti-Covid, del quale il ministero della Salute ha destinato al Veneto 124mila dosi, incrementabili su richiesta. A disposizione il nuovo vaccino <b>Comirnaty<\/b>, aggiornato sull\u2019ultima variante LP.8.1 del Sars-Cov2, che come quello contro l\u2019influenza \u00e8 gratuito per le categorie a rischio. \u00abPer facilitare l\u2019accesso alla vaccinazione sono stati programmati <b>due Vax Day<\/b> per i prossimi 26 ottobre e 9 novembre \u2014 annuncia l\u2019assessore Lanzarin \u2014. Tutte le Usl organizzeranno sedute aperte\u00bb. Informazioni sui siti Internet delle nove Usl. In generale, dal primo ottobre e durante l\u2019intera stagione, si pu\u00f2 prenotare la vaccinazione anche sul sito https:\/\/prenotavaccino.regione.veneto.it\/.<\/p>\n<p>    I medici di base: \u00abSuggeriamo ai fragili di immunizzarsi\u00bb<\/p>\n<p class=\"chapter-paragraph\">\u00abA noi medici di famiglia le dosi di antinfluenzale, efficace fino a fine <b>marzo<\/b>, e anti-Covid arrivano oggi, quindi i pazienti possono cominciare a prendere appuntamento, che sar\u00e0 fissato dal primo ottobre in poi \u2014 completa <b>Giuseppe<\/b> <b>Palmisano<\/b>, segretario regionale della <b>Fimmg<\/b>, sigla di categoria \u2014. In linea con le indicazioni del ministero della Salute facciamo opera di counselling, suggerendo soprattutto ad anziani, pazienti cronici, allettati e fragili di immunizzarsi pure contro <b>Pneumococco <\/b>ed <b>Herpes Zoster<\/b>. <b>Basta una dose nella vita<\/b>: il primo evita polmoniti e meningiti, il secondo \u00e8 efficace anche contro pericolose recidive. Li abbiamo gi\u00e0 e sono somministrabili subito, ma in una seduta possono essere assunti solo due vaccini. Per gli altri bisogna fissarne un\u2019altra\u00bb. Poi un avvertimento: \u00abIl Covid sta circolando molto in questo periodo, lo evinciamo dai molti tamponi positivi rilevati da noi e dagli stessi pazienti, con l\u2019auto-test\u00bb.<\/p>\n<p class=\"is-mr-t-20 is-mr-b-20\"><b><br \/>\n                                    <a href=\"https:\/\/corrieredelveneto.corriere.it\/venezia-mestre\/?intcmp=Notizielocali_nd_010623_corriere_ss_venezia\" target=\"_blank\" rel=\"nofollow noopener\">Vai a tutte le notizie di Venezia Mestre<\/a><br \/>\n                        <\/b><\/p>\n<p class=\"chapter-paragraph\"><b><a href=\"https:\/\/www.corriere.it\/newsletter\/?theme=39&amp;intcmp=NL-artic_nd_060624_corriere_ss_veneto\" target=\"_blank\" rel=\"nofollow noopener\">Iscriviti alla newsletter del Corriere del Veneto<\/a><\/b><\/p>\n<p class=\"is-last-update\" datetime=\"2025-09-24T14:43:24+02:00\">24 settembre 2025<\/p>\n<p class=\"is-copyright\">\n            \u00a9 RIPRODUZIONE RISERVATA\n        <\/p>\n","protected":false},"excerpt":{"rendered":"di Michela Nicolussi Moro L&#8217;assessora regionale alla Sanit\u00e0 Lanzarin: \u00abVirus gi\u00e0 in arrivo, giochiamo d\u2019anticipo\u00bb. Finora coperture basse,&hellip;\n","protected":false},"author":3,"featured_media":127425,"comment_status":"","ping_status":"","sticky":false,"template":"","format":"standard","meta":{"footnotes":""},"categories":[1512],"tags":[3290,35156,63718,311,788,39,17217,84384,2042,4930,4124,23144,4084,4221,6391,1909,13067,26419,65309,84385,1346,5970,239,84386,7944,1537,90,89,29493,1222,24711,14850,84387,851,8656,3977,893,10225,1667,976,3522,8150,111,2441,240,301,12626,337,18537,3976,2189,2188,2187,35305,108,3378],"class_list":{"0":"post-127424","1":"post","2":"type-post","3":"status-publish","4":"format-standard","5":"has-post-thumbnail","7":"category-vaccini","8":"tag-anti","9":"tag-anti-covid","10":"tag-antinfluenzale","11":"tag-assessore","12":"tag-bambini","13":"tag-campagna","14":"tag-categorie","15":"tag-categorie-rischio","16":"tag-cioe","17":"tag-circolare","18":"tag-covid","19":"tag-cronici","20":"tag-day","21":"tag-dosi","22":"tag-efficace","23":"tag-famiglia","24":"tag-farmacie","25":"tag-fissato","26":"tag-fragili","27":"tag-fragili-immunizzarsi","28":"tag-fronte","29":"tag-garantire","30":"tag-health","31":"tag-immunizzarsi","32":"tag-influenza","33":"tag-it","34":"tag-italia","35":"tag-italy","36":"tag-lanzarin","37":"tag-medici","38":"tag-medici-famiglia","39":"tag-milione","40":"tag-milione-dosi","41":"tag-ministero","42":"tag-ministero-salute","43":"tag-morbillo","44":"tag-ottobre","45":"tag-pazienti","46":"tag-periodo","47":"tag-popolazione","48":"tag-possono","49":"tag-regionale","50":"tag-regione","51":"tag-rischio","52":"tag-salute","53":"tag-sanita","54":"tag-soggetti","55":"tag-soprattutto","56":"tag-usl","57":"tag-vaccinazione","58":"tag-vaccine","59":"tag-vaccines","60":"tag-vaccini","61":"tag-vax","62":"tag-veneto","63":"tag-virus"},"share_on_mastodon":{"url":"","error":""},"_links":{"self":[{"href":"https:\/\/www.europesays.com\/it\/wp-json\/wp\/v2\/posts\/127424","targetHints":{"allow":["GET"]}}],"collection":[{"href":"https:\/\/www.europesays.com\/it\/wp-json\/wp\/v2\/posts"}],"about":[{"href":"https:\/\/www.europesays.com\/it\/wp-json\/wp\/v2\/types\/post"}],"author":[{"embeddable":true,"href":"https:\/\/www.europesays.com\/it\/wp-json\/wp\/v2\/users\/3"}],"replies":[{"embeddable":true,"href":"https:\/\/www.europesays.com\/it\/wp-json\/wp\/v2\/comments?post=127424"}],"version-history":[{"count":0,"href":"https:\/\/www.europesays.com\/it\/wp-json\/wp\/v2\/posts\/127424\/revisions"}],"wp:featuredmedia":[{"embeddable":true,"href":"https:\/\/www.europesays.com\/it\/wp-json\/wp\/v2\/media\/127425"}],"wp:attachment":[{"href":"https:\/\/www.europesays.com\/it\/wp-json\/wp\/v2\/media?parent=127424"}],"wp:term":[{"taxonomy":"category","embeddable":true,"href":"https:\/\/www.europesays.com\/it\/wp-json\/wp\/v2\/categories?post=127424"},{"taxonomy":"post_tag","embeddable":true,"href":"https:\/\/www.europesays.com\/it\/wp-json\/wp\/v2\/tags?post=127424"}],"curies":[{"name":"wp","href":"https:\/\/api.w.org\/{rel}","templated":true}]}}