{"id":127469,"date":"2025-09-24T13:50:16","date_gmt":"2025-09-24T13:50:16","guid":{"rendered":"https:\/\/www.europesays.com\/it\/127469\/"},"modified":"2025-09-24T13:50:16","modified_gmt":"2025-09-24T13:50:16","slug":"covid-dal-ministero-la-circolare-sui-richiami-con-vaccini-aggiornati","status":"publish","type":"post","link":"https:\/\/www.europesays.com\/it\/127469\/","title":{"rendered":"Covid, dal ministero la circolare sui richiami con vaccini aggiornati"},"content":{"rendered":"<p>Pubblicate in Gazzetta ufficiale le determine di Aifa che autorizzano i <b>vaccini <\/b>aggiornati Comirnaty (Pfizer-BioNTech)* e Spikevax (Moderna)* contro la variante <b>Sars-CoV-2 <\/b>LP.8.1, destinati alla campagna di immunizzazione autunno-inverno 2025\/2026.&#13;\n<\/p>\n<p>Il Ministero della Salute ha diffuso la circolare firmata da Maria Rosaria Campitiello, Capo dipartimento della Prevenzione, della Ricerca e delle Emergenze sanitarie, con le indicazioni operative per la nuova campagna. Il documento si basa su evidenze scientifiche e su linee guida di Oms, Ema, Ecdc e Aifa.&#13;\n<\/p>\n<p>La vaccinazione si avvarr\u00e0 di richiami annuali. Aver contratto un\u2019infezione da Sars-CoV-2 dopo la precedente dose non rappresenta controindicazione. Una dose con vaccino adattato sar\u00e0 offerta attivamente a persone di et\u00e0 pari o superiore a sessanta anni, ospiti delle strutture per lungodegenti, donne in gravidanza in qualsiasi trimestre e nel periodo post-partum, comprese le donne in allattamento, operatori sanitari e sociosanitari, studenti di medicina e delle professioni sanitarie che svolgono tirocini in strutture assistenziali, personale sanitario e sociosanitario in formazione, persone dai sei mesi ai cinquantanove anni con elevata fragilit\u00e0 per patologie o condizioni che aumentano il rischio di Covid grave.&#13;\n<\/p>\n<p>La vaccinazione \u00e8 raccomandata anche a familiari, conviventi e caregiver di persone con gravi fragilit\u00e0, ferma restando la possibilit\u00e0 di accesso gratuito. I medici sono invitati a valutare casi non inclusi nell\u2019elenco, sulla base del rapporto benefici-rischi.&#13;\n<\/p>\n<p>Nella fase iniziale, la priorit\u00e0 di somministrazione riguarda persone di et\u00e0 pari o superiore a ottanta anni, ospiti Rsa, soggetti con marcata compromissione del sistema immunitario, operatori sanitari e sociosanitari.&#13;\n<\/p>\n<p>\u00c8 prevista la co-somministrazione con altri vaccini, incluso l\u2019antinfluenzale, salvo diverse indicazioni d\u2019uso o valutazioni cliniche. Le Regioni e le Province autonome sono chiamate a implementare misure organizzative con la collaborazione di medici di medicina generale, pediatri di libera scelta, farmacie, rete ospedaliera e strutture per lungodegenti. Le prenotazioni saranno disponibili tramite piattaforma regionale online.&#13;\n<\/p>\n<p>Tra i vaccini aggiornati, \u00e8 gi\u00e0 nella disponibilit\u00e0 del ministero il Comirnaty LP.8.1* di Pfizer\/BioNTech, di cui \u00e8 prossima la distribuzione alle Regioni. La circolare richiama al monitoraggio delle reazioni avverse, da segnalare al sistema di farmacovigilanza dell\u2019Aifa secondo le modalit\u00e0 indicate sul sito.<\/p>\n","protected":false},"excerpt":{"rendered":"Pubblicate in Gazzetta ufficiale le determine di Aifa che autorizzano i vaccini aggiornati Comirnaty (Pfizer-BioNTech)* e Spikevax (Moderna)*&hellip;\n","protected":false},"author":3,"featured_media":42162,"comment_status":"","ping_status":"","sticky":false,"template":"","format":"standard","meta":{"footnotes":""},"categories":[1512],"tags":[239,1537,90,89,240,2189,2188,2187],"class_list":{"0":"post-127469","1":"post","2":"type-post","3":"status-publish","4":"format-standard","5":"has-post-thumbnail","7":"category-vaccini","8":"tag-health","9":"tag-it","10":"tag-italia","11":"tag-italy","12":"tag-salute","13":"tag-vaccine","14":"tag-vaccines","15":"tag-vaccini"},"share_on_mastodon":{"url":"","error":""},"_links":{"self":[{"href":"https:\/\/www.europesays.com\/it\/wp-json\/wp\/v2\/posts\/127469","targetHints":{"allow":["GET"]}}],"collection":[{"href":"https:\/\/www.europesays.com\/it\/wp-json\/wp\/v2\/posts"}],"about":[{"href":"https:\/\/www.europesays.com\/it\/wp-json\/wp\/v2\/types\/post"}],"author":[{"embeddable":true,"href":"https:\/\/www.europesays.com\/it\/wp-json\/wp\/v2\/users\/3"}],"replies":[{"embeddable":true,"href":"https:\/\/www.europesays.com\/it\/wp-json\/wp\/v2\/comments?post=127469"}],"version-history":[{"count":0,"href":"https:\/\/www.europesays.com\/it\/wp-json\/wp\/v2\/posts\/127469\/revisions"}],"wp:featuredmedia":[{"embeddable":true,"href":"https:\/\/www.europesays.com\/it\/wp-json\/wp\/v2\/media\/42162"}],"wp:attachment":[{"href":"https:\/\/www.europesays.com\/it\/wp-json\/wp\/v2\/media?parent=127469"}],"wp:term":[{"taxonomy":"category","embeddable":true,"href":"https:\/\/www.europesays.com\/it\/wp-json\/wp\/v2\/categories?post=127469"},{"taxonomy":"post_tag","embeddable":true,"href":"https:\/\/www.europesays.com\/it\/wp-json\/wp\/v2\/tags?post=127469"}],"curies":[{"name":"wp","href":"https:\/\/api.w.org\/{rel}","templated":true}]}}