{"id":127521,"date":"2025-09-24T14:23:18","date_gmt":"2025-09-24T14:23:18","guid":{"rendered":"https:\/\/www.europesays.com\/it\/127521\/"},"modified":"2025-09-24T14:23:18","modified_gmt":"2025-09-24T14:23:18","slug":"sondrio-rugby-al-via-la-stagione-sportiva-2025-26-2","status":"publish","type":"post","link":"https:\/\/www.europesays.com\/it\/127521\/","title":{"rendered":"Sondrio Rugby: al via la stagione sportiva 2025\/26"},"content":{"rendered":"<p><img fetchpriority=\"high\" width=\"770\" height=\"513\" src=\"data:image\/svg+xml,%3Csvg%20xmlns=\" http:=\"\" class=\"img-responsive aligncenter size-medium\" alt=\"thumbnail\" decoding=\"async\" data-lazy- data-lazy- title=\"Sondrio Rugby: al via la stagione sportiva 2025\/26 1\" data-lazy-src=\"https:\/\/www.europesays.com\/it\/wp-content\/uploads\/2025\/09\/thumbnail-770x513.jpg\"\/>\n<\/p>\n<p data-start=\"120\" data-end=\"484\">Dopo un\u2019intensa estate di preparazione, la stagione sportiva 2025\/26 del Sondrio Rugby \u00e8 ufficialmente partita.<\/p>\n<p>Domenica scorsa l\u2019Under 14, guidata da Dal To\u00e8 e Senini, ha aperto il calendario con un\u2019amichevole contro i coetanei del CUS Milano: un primo test utile per valutare il lavoro svolto e per dare ai coach indicazioni preziose sulla crescita del gruppo. <\/p>\n<p data-start=\"486\" data-end=\"742\">Questa settimana il club torna a pieno regime con tutte le sue attivit\u00e0: il rugby integrato riprender\u00e0 gli allenamenti marted\u00ec, mentre mercoled\u00ec sar\u00e0 la volta del baby rugby con il corso di psicomotricit\u00e0 infantile, attivo nelle sedi di Sondrio e Tirano. <\/p>\n<p data-start=\"744\" data-end=\"1173\">Sabato 27 settembre, dalle ore 13:30, il campo \u201cCerri-Mari\u201d ospiter\u00e0 la seconda edizione del torneo \u201c6 Porzioni\u201d, riservato alla categoria Old.<\/p>\n<p>Oltre agli Orsi Sondrio parteciperanno Old Rugby Bergamo, Bargniff Pavia, Rugby Rho Old, Mil\u2019Old Milano e Old Lovers Rugby Milano.<\/p>\n<p>Le sei squadre si sfideranno in due gironi all\u2019italiana, seguiti da semifinali e finali, in un pomeriggio che promette spettacolo e spirito di amicizia. <\/p>\n<p data-start=\"1175\" data-end=\"1568\">Domenica 28 settembre, dalle ore 15:30, toccher\u00e0 invece alla prima squadra con il Memorial Jimmy, triangolare dedicato al ricordo di Jimmy Grillotti, storico allenatore che ha lasciato un segno profondo nella storia del club.<\/p>\n<p>I Seniores biancazzurri sfideranno Parabiago e ASR Milano in quello che sar\u00e0 il primo vero test pre-campionato, in vista dell\u2019esordio ufficiale del 19 ottobre a Rho. <\/p>\n<p data-start=\"1570\" data-end=\"1971\">I Seniores tornano quest\u2019anno nel girone 1 della Serie B, dopo una stagione nel girone 2 \u201cdelle emiliane\u201d.<\/p>\n<p>Alla guida della squadra restano Antonio Zanichelli, Bogdan Enache e Luciano Gorla.<\/p>\n<p>Importante novit\u00e0 regolamentare: la Federazione Italiana Rugby ha deciso di bloccare le retrocessioni dalla Serie B alla Serie C, come parte di una transizione verso un nuovo assetto dei campionati nazionali. <\/p>\n<p data-start=\"1973\" data-end=\"2296\">Sul fronte organizzativo, il Sondrio Rugby continua a investire nella formazione degli atleti e dello staff, con l\u2019obiettivo di crescere dentro e fuori dal campo.<\/p>\n<p>Il club invita tutti gli appassionati a partecipare agli eventi del weekend, per sostenere i ragazzi e vivere insieme l\u2019inizio di una nuova stagione sportiva. <\/p>\n","protected":false},"excerpt":{"rendered":"Dopo un\u2019intensa estate di preparazione, la stagione sportiva 2025\/26 del Sondrio Rugby \u00e8 ufficialmente partita. Domenica scorsa l\u2019Under&hellip;\n","protected":false},"author":3,"featured_media":127522,"comment_status":"","ping_status":"","sticky":false,"template":"","format":"standard","meta":{"footnotes":""},"categories":[1458],"tags":[1537,90,89,1840,245,244],"class_list":{"0":"post-127521","1":"post","2":"type-post","3":"status-publish","4":"format-standard","5":"has-post-thumbnail","7":"category-rugby","8":"tag-it","9":"tag-italia","10":"tag-italy","11":"tag-rugby","12":"tag-sport","13":"tag-sports"},"share_on_mastodon":{"url":"","error":""},"_links":{"self":[{"href":"https:\/\/www.europesays.com\/it\/wp-json\/wp\/v2\/posts\/127521","targetHints":{"allow":["GET"]}}],"collection":[{"href":"https:\/\/www.europesays.com\/it\/wp-json\/wp\/v2\/posts"}],"about":[{"href":"https:\/\/www.europesays.com\/it\/wp-json\/wp\/v2\/types\/post"}],"author":[{"embeddable":true,"href":"https:\/\/www.europesays.com\/it\/wp-json\/wp\/v2\/users\/3"}],"replies":[{"embeddable":true,"href":"https:\/\/www.europesays.com\/it\/wp-json\/wp\/v2\/comments?post=127521"}],"version-history":[{"count":0,"href":"https:\/\/www.europesays.com\/it\/wp-json\/wp\/v2\/posts\/127521\/revisions"}],"wp:featuredmedia":[{"embeddable":true,"href":"https:\/\/www.europesays.com\/it\/wp-json\/wp\/v2\/media\/127522"}],"wp:attachment":[{"href":"https:\/\/www.europesays.com\/it\/wp-json\/wp\/v2\/media?parent=127521"}],"wp:term":[{"taxonomy":"category","embeddable":true,"href":"https:\/\/www.europesays.com\/it\/wp-json\/wp\/v2\/categories?post=127521"},{"taxonomy":"post_tag","embeddable":true,"href":"https:\/\/www.europesays.com\/it\/wp-json\/wp\/v2\/tags?post=127521"}],"curies":[{"name":"wp","href":"https:\/\/api.w.org\/{rel}","templated":true}]}}