{"id":127711,"date":"2025-09-24T16:15:32","date_gmt":"2025-09-24T16:15:32","guid":{"rendered":"https:\/\/www.europesays.com\/it\/127711\/"},"modified":"2025-09-24T16:15:32","modified_gmt":"2025-09-24T16:15:32","slug":"hamilton-in-pista-per-la-prima-volta-a-fiorano-folla-sugli-spalti-del-cavalcavia","status":"publish","type":"post","link":"https:\/\/www.europesays.com\/it\/127711\/","title":{"rendered":"Hamilton in pista per la prima volta a Fiorano, folla sugli &#8220;spalti&#8221; del cavalcavia"},"content":{"rendered":"<p>Giornata nebbiosa sulla pianura modenese, ma le condizioni meteo non sono state un ostacolo per il debutto di Lewis Hamilton sulla Ferrari. Poco dopo le ore 9 il pilota britannico ha compiuto i primi giri di pista &#8211; una ventina &#8211; a Fiorano, a bordo della SF-23. Solo pochi minuti giusto per prendere confidenza con gli elementi essenziali della monoposto di Maranello, in attesa ovviamente di poter salire sula vettura del mondiale 2025.<\/p>\n<p>Un evento che \u00e8 stato accolto con grande entusiasmo dai tifosi della Rossa. C&#8217;\u00e8 chi si \u00e8 accampato prima dell&#8217;alba nei pressi del circuito, con il cavalcavia di via Giardini che si \u00e8 trasformato come sempre accade in una tribuna dalla quale gli appassionati hanno potuto osservare i primi km del campione inglese, in quella che si configura come un&#8217;avvenutra sportiva nella quale \u00e8 riposta moltissima aspettativa.<\/p>\n<p>Lewis\u00a0Hamilton non si \u00e8 solo vestito per la prima volta di rosso, ma ha anche presentato i nuovo casco che lo accompagner\u00e0 in questa stagione: un casco che adotta il suo colore tradizionale, il giallo, ma nella tonalit\u00e0 pi\u00f9 calda, il giallo &#8220;Modena&#8221;. Un altro elemento per sottolineare il legame con la Scuderia.<\/p>\n<p>Ieri \u00e8 stato reso noto che Hamilton\u00a0si riunir\u00e0 inoltre alla sua ex fisioterapista Angela Cullen. Si erano uniti prima del 2016, ma si erano lasciati nel 2023. Secondo quanto riportato, Cullen si \u00e8 unita alla societ\u00e0 Project 44 di\u00a0Hamilton, creata dal pilota per assisterlo nella sua nuova era in Ferrari e in altri interessi commerciali, come fisioterapista della squadra.<\/p>\n<blockquote class=\"instagram-media\" data-instgrm-captioned=\"\" data-instgrm-permalink=\"https:\/\/www.instagram.com\/reel\/DFH3YrZNxH5\/?utm_source=ig_embed&amp;utm_campaign=loading\" data-instgrm-version=\"14\" style=\" background:#FFF; border:0; border-radius:3px; box-shadow:0 0 1px 0 rgba(0,0,0,0.5),0 1px 10px 0 rgba(0,0,0,0.15); margin: 1px; max-width:540px; min-width:326px; padding:0; width:99.375%; width:-webkit-calc(100% - 2px); width:calc(100% - 2px);\"><p>&#13;<br \/>\n&#13;\n<\/p><\/blockquote>\n<p>      <script async src=\"\/\/www.instagram.com\/embed.js\"><\/script><\/p>\n","protected":false},"excerpt":{"rendered":"Giornata nebbiosa sulla pianura modenese, ma le condizioni meteo non sono state un ostacolo per il debutto di&hellip;\n","protected":false},"author":3,"featured_media":127712,"comment_status":"","ping_status":"","sticky":false,"template":"","format":"standard","meta":{"footnotes":""},"categories":[1454],"tags":[1770,368,683,1771,1537,90,89,245,244],"class_list":{"0":"post-127711","1":"post","2":"type-post","3":"status-publish","4":"format-standard","5":"has-post-thumbnail","7":"category-f1","8":"tag-f1","9":"tag-ferrari","10":"tag-formula-1","11":"tag-formula1","12":"tag-it","13":"tag-italia","14":"tag-italy","15":"tag-sport","16":"tag-sports"},"share_on_mastodon":{"url":"","error":""},"_links":{"self":[{"href":"https:\/\/www.europesays.com\/it\/wp-json\/wp\/v2\/posts\/127711","targetHints":{"allow":["GET"]}}],"collection":[{"href":"https:\/\/www.europesays.com\/it\/wp-json\/wp\/v2\/posts"}],"about":[{"href":"https:\/\/www.europesays.com\/it\/wp-json\/wp\/v2\/types\/post"}],"author":[{"embeddable":true,"href":"https:\/\/www.europesays.com\/it\/wp-json\/wp\/v2\/users\/3"}],"replies":[{"embeddable":true,"href":"https:\/\/www.europesays.com\/it\/wp-json\/wp\/v2\/comments?post=127711"}],"version-history":[{"count":0,"href":"https:\/\/www.europesays.com\/it\/wp-json\/wp\/v2\/posts\/127711\/revisions"}],"wp:featuredmedia":[{"embeddable":true,"href":"https:\/\/www.europesays.com\/it\/wp-json\/wp\/v2\/media\/127712"}],"wp:attachment":[{"href":"https:\/\/www.europesays.com\/it\/wp-json\/wp\/v2\/media?parent=127711"}],"wp:term":[{"taxonomy":"category","embeddable":true,"href":"https:\/\/www.europesays.com\/it\/wp-json\/wp\/v2\/categories?post=127711"},{"taxonomy":"post_tag","embeddable":true,"href":"https:\/\/www.europesays.com\/it\/wp-json\/wp\/v2\/tags?post=127711"}],"curies":[{"name":"wp","href":"https:\/\/api.w.org\/{rel}","templated":true}]}}