{"id":128110,"date":"2025-09-24T20:37:28","date_gmt":"2025-09-24T20:37:28","guid":{"rendered":"https:\/\/www.europesays.com\/it\/128110\/"},"modified":"2025-09-24T20:37:28","modified_gmt":"2025-09-24T20:37:28","slug":"%f0%9f%94%b5-rfi-incontro-con-lamministratore-delegato","status":"publish","type":"post","link":"https:\/\/www.europesays.com\/it\/128110\/","title":{"rendered":"\ud83d\udd35 RFI; Incontro con l&#8217;Amministratore Delegato"},"content":{"rendered":"<p>Nella giornata di ieri 22 settembre si \u00e8 svolto l\u2019incontro con l\u2019Amministratore Delegato di RFI. L\u2019azienda ha aperto i lavori presentando l\u2019andamento del piano strategico-industriale, con particolare riferimento alla Business Unit Infrastrutture Ferroviarie. Il bilancio al 30 giugno 2025 mostra un conto economico in linea con le previsioni, con un incremento dei ricavi e un risultato netto positivo di 34 milioni di euro. Sul versante degli investimenti \u2013 che comprendono manutenzione straordinaria e sicurezza \u2013 \u00e8 stato evidenziato come a met\u00e0 anno siano gi\u00e0 stati superati i livelli programmati per l\u2019intero 2024 \u2026 [ .. ]<\/p>\n","protected":false},"excerpt":{"rendered":"Nella giornata di ieri 22 settembre si \u00e8 svolto l\u2019incontro con l\u2019Amministratore Delegato di RFI. L\u2019azienda ha aperto&hellip;\n","protected":false},"author":3,"featured_media":128111,"comment_status":"","ping_status":"","sticky":false,"template":"","format":"standard","meta":{"footnotes":""},"categories":[1481],"tags":[2065,2066,239,2063,2064,1537,90,89,240],"class_list":{"0":"post-128110","1":"post","2":"type-post","3":"status-publish","4":"format-standard","5":"has-post-thumbnail","7":"category-assistenza-sanitaria","8":"tag-assistenza-sanitaria","9":"tag-assistenzasanitaria","10":"tag-health","11":"tag-health-care","12":"tag-healthcare","13":"tag-it","14":"tag-italia","15":"tag-italy","16":"tag-salute"},"share_on_mastodon":{"url":"","error":""},"_links":{"self":[{"href":"https:\/\/www.europesays.com\/it\/wp-json\/wp\/v2\/posts\/128110","targetHints":{"allow":["GET"]}}],"collection":[{"href":"https:\/\/www.europesays.com\/it\/wp-json\/wp\/v2\/posts"}],"about":[{"href":"https:\/\/www.europesays.com\/it\/wp-json\/wp\/v2\/types\/post"}],"author":[{"embeddable":true,"href":"https:\/\/www.europesays.com\/it\/wp-json\/wp\/v2\/users\/3"}],"replies":[{"embeddable":true,"href":"https:\/\/www.europesays.com\/it\/wp-json\/wp\/v2\/comments?post=128110"}],"version-history":[{"count":0,"href":"https:\/\/www.europesays.com\/it\/wp-json\/wp\/v2\/posts\/128110\/revisions"}],"wp:featuredmedia":[{"embeddable":true,"href":"https:\/\/www.europesays.com\/it\/wp-json\/wp\/v2\/media\/128111"}],"wp:attachment":[{"href":"https:\/\/www.europesays.com\/it\/wp-json\/wp\/v2\/media?parent=128110"}],"wp:term":[{"taxonomy":"category","embeddable":true,"href":"https:\/\/www.europesays.com\/it\/wp-json\/wp\/v2\/categories?post=128110"},{"taxonomy":"post_tag","embeddable":true,"href":"https:\/\/www.europesays.com\/it\/wp-json\/wp\/v2\/tags?post=128110"}],"curies":[{"name":"wp","href":"https:\/\/api.w.org\/{rel}","templated":true}]}}