{"id":128119,"date":"2025-09-24T20:47:16","date_gmt":"2025-09-24T20:47:16","guid":{"rendered":"https:\/\/www.europesays.com\/it\/128119\/"},"modified":"2025-09-24T20:47:16","modified_gmt":"2025-09-24T20:47:16","slug":"torino-chi-ha-visto-ilkhan-dopo-linter-e-stato-relegato-in-panchina","status":"publish","type":"post","link":"https:\/\/www.europesays.com\/it\/128119\/","title":{"rendered":"Torino, chi ha visto Ilkhan? Dopo l\u2019Inter \u00e8 stato relegato in panchina\u2026"},"content":{"rendered":"<p>Dopo il buon avvio in stagione il turco ha perso posizioni nelle gerarchie. La gara con il Pisa forse potrebbe dargli nuovamente visibilit\u00e0 <\/p>\n<p>Quanto meno curioso quanto avvenuto con Emirhan <strong>\u0130lkhan<\/strong> in casa granata. Il centrocampista infatti non ha pi\u00f9 trovato spazio nello scacchiere di Marco Baroni. Ci\u00f2 \u00e8 strano, dato che il turco aveva lasciato delle buonissime impressioni quando \u00e8 stato chiamato in causa. Panchina anche contro l&#8217;Atalanta, quando forse sarebbe stato opportuno inserirlo in campo, anche per provare a dare una scossa con quell&#8217;arma che si chiama &#8220;incoscienza giovanile&#8221;.<\/p>\n<p>Dal Modena alla panchina con la Fiorentina\u2014 \u00a0<\/p>\n<p>L&#8217;avventura di Ilkhan era iniziata con una sostituzione nell&#8217;intervallo della prima uscita stagionale del Torino, quella con il Modena in Coppa Italia. Il turco prendeva posto per Aboukhlal e portava Baroni ad optare per un cambio di modulo, ridisegnando la squadra sul 4-3-3. La mossa era stata vincente infatti, perch\u00e9 \u00e8 proprio il ventunenne a prendere il controllo del gioco, strappare a centrocampo e dare il via a quello che si sarebbe poi trasformato nella prima, e finora unica, rete stagionale del Torino davanti ai propri tifosi.<\/p>\n<p>La prestazione era stata davvero buona. Circolazione della palla, gestione della sfera e grande presenza a centrocampo. Tutti dati positivi per il turco, tanto che Baroni l&#8217;ha promosso titolare anche nella sfida contro l&#8217;Inter. Nella debacle generale della squadra granata era stato uno dei pi\u00f9 positivi. Tanta precisione nei passaggi (91%) e grande utilit\u00e0 anche nella fase di non possesso. Nel secondo tempo poi Tameze gli ha preso il posto, ma era difficile andare a pensare ad una retrocessione in panchina, senza minuti n\u00e9 contro Fiorentina, Roma e Atalanta.<\/p>\n<p>Scavalcato da Tameze, forse col Pisa avr\u00e0 una chance\u2014 \u00a0<\/p>\n<p>Il cambio contro l&#8217;Inter ha di fatto cambiato le gerarchie in casa granata. Complice anche l&#8217;arrivo di Asllani, un vero e proprio regista, Ilkhan \u00e8 stato declassato anche da Tameze. Non tanto perch\u00e9 Baroni non abbia fiducia nel turco, ma \u00e8 una questione probabilmente pi\u00f9 di approccio. Ilkhan \u00e8 un elemento pi\u00f9 offensivo, Tameze invece tende a coprire di pi\u00f9 il campo. La spiegazione si pu\u00f2 ricercare in questa lettura. Per\u00f2 allora sorge una domanda, che \u00e8 giusto porsi: perch\u00e9 non riproporlo con l&#8217;Atalanta? C&#8217;era una gara da provare quanto meno a riaprire.<\/p>\n<p>La brutta sconfitta contro gli orobici per\u00f2 \u00e8 alle spalle, o deve essere subito archiviata. Il Torino nella giornata del 25 settembre affronter\u00e0 il Pisa di Alberto Gilardino nel match valido per la Coppa Italia. Il turco potrebbe tornare a farsi vedere in campo e chi lo sa, tornare a farsi preferire al collega di reparto.<\/p>\n<p class=\"is-copyright\">\u00a9 RIPRODUZIONE RISERVATA<\/p>\n","protected":false},"excerpt":{"rendered":"Dopo il buon avvio in stagione il turco ha perso posizioni nelle gerarchie. La gara con il Pisa&hellip;\n","protected":false},"author":3,"featured_media":128120,"comment_status":"","ping_status":"","sticky":false,"template":"","format":"standard","meta":{"footnotes":""},"categories":[1452],"tags":[569,6097,721,6099,921,7204,4297,5006,84714,2276,728,84715,8628,1740,629,7594,5197,45253,350,1537,90,84716,89,7742,3484,3124,1739,245,244,21060,1641,5268],"class_list":{"0":"post-128119","1":"post","2":"type-post","3":"status-publish","4":"format-standard","5":"has-post-thumbnail","7":"category-calcio","8":"tag-atalanta","9":"tag-baroni","10":"tag-calcio","11":"tag-cambio","12":"tag-campo","13":"tag-centrocampo","14":"tag-coppa","15":"tag-coppa-italia","16":"tag-coppa-italia-turco","17":"tag-dare","18":"tag-dati","19":"tag-emirhan","20":"tag-farsi","21":"tag-football","22":"tag-gara","23":"tag-gerarchie","24":"tag-granata","25":"tag-ilkhan","26":"tag-inter","27":"tag-it","28":"tag-italia","29":"tag-italia-turco","30":"tag-italy","31":"tag-modena","32":"tag-panchina","33":"tag-pisa","34":"tag-soccer","35":"tag-sport","36":"tag-sports","37":"tag-tameze","38":"tag-torino","39":"tag-turco"},"share_on_mastodon":{"url":"","error":""},"_links":{"self":[{"href":"https:\/\/www.europesays.com\/it\/wp-json\/wp\/v2\/posts\/128119","targetHints":{"allow":["GET"]}}],"collection":[{"href":"https:\/\/www.europesays.com\/it\/wp-json\/wp\/v2\/posts"}],"about":[{"href":"https:\/\/www.europesays.com\/it\/wp-json\/wp\/v2\/types\/post"}],"author":[{"embeddable":true,"href":"https:\/\/www.europesays.com\/it\/wp-json\/wp\/v2\/users\/3"}],"replies":[{"embeddable":true,"href":"https:\/\/www.europesays.com\/it\/wp-json\/wp\/v2\/comments?post=128119"}],"version-history":[{"count":0,"href":"https:\/\/www.europesays.com\/it\/wp-json\/wp\/v2\/posts\/128119\/revisions"}],"wp:featuredmedia":[{"embeddable":true,"href":"https:\/\/www.europesays.com\/it\/wp-json\/wp\/v2\/media\/128120"}],"wp:attachment":[{"href":"https:\/\/www.europesays.com\/it\/wp-json\/wp\/v2\/media?parent=128119"}],"wp:term":[{"taxonomy":"category","embeddable":true,"href":"https:\/\/www.europesays.com\/it\/wp-json\/wp\/v2\/categories?post=128119"},{"taxonomy":"post_tag","embeddable":true,"href":"https:\/\/www.europesays.com\/it\/wp-json\/wp\/v2\/tags?post=128119"}],"curies":[{"name":"wp","href":"https:\/\/api.w.org\/{rel}","templated":true}]}}