{"id":128834,"date":"2025-09-25T06:18:13","date_gmt":"2025-09-25T06:18:13","guid":{"rendered":"https:\/\/www.europesays.com\/it\/128834\/"},"modified":"2025-09-25T06:18:13","modified_gmt":"2025-09-25T06:18:13","slug":"inter-per-risalire-in-campionato-chivu-si-affida-al-modulo-di-inzaghi","status":"publish","type":"post","link":"https:\/\/www.europesays.com\/it\/128834\/","title":{"rendered":"Inter, per risalire in campionato Chivu si affida al modulo di Inzaghi"},"content":{"rendered":"<p>                                La rivoluzione pu\u00f2 attendere: l\u2019allenatore fa retromarcia e per risalire in A segue la scia di Simone. Pesano gli errori difensivi ma con pressing, Sucic e Akanji prova a superare il passato<\/p>\n<p>            <a class=\"image is-50x50\" href=\"https:\/\/www.gazzetta.it\/redazione\/filippo-conticello\/\" rel=\"nofollow noopener\" target=\"_blank\"><br \/>\n                <img decoding=\"async\" class=\"is-rounded\" src=\"https:\/\/www.europesays.com\/it\/wp-content\/uploads\/2025\/09\/filippo_conticello.png\" alt=\"Filippo Conticello\"\/><br \/>\n            <\/a><\/p>\n<p>Giornalista<\/p>\n<p>                    25 settembre 2025 (modifica alle 08:13)  &#8211; MILANO<\/p>\n<p class=\"paragraph\" spellcheck=\"true\">Cristian Chivu si \u00e8 svestito degli abiti sgualciti da ribelle e si \u00e8 immerso mani e piedi nelle vecchie acque, quelle che hanno bagnato il passato recente dei nerazzurri: sembrano tornate placide, almeno a vedere le due ultime vittorie che hanno permesso di superare le prime mareggiate dell\u2019anno. L\u2019Inter ha  ripreso una navigazione serena, anche se le vele non sono ancora cos\u00ec salde come sperato: servir\u00e0 altro tempo, nuove verifiche in mare aperto. In fondo, per\u00f2, quello dell\u2019allenatore romeno \u00e8 stato  un semplice   bagno di realt\u00e0, tranquillizzante  e, forse, poco romantico: Chivu  ha  spento ormai del tutto i bollori iniziali, ha allontanato quella prima idea ambiziosa di una squadra diversa nello spirito e nel modulo. L\u2019utopia si \u00e8 persa chiss\u00e0 dove tra le onde, anche perch\u00e9 la scialuppa del mercato non \u00e8 venuta in soccorso: impossibile partire davvero senza  nuovi marinai specializzati. Pi\u00f9 utile, semmai, affidarsi ai vecchi lupi di mare di Inzaghi abituati a battere  le stesse rotte. Con tutti i rischi del caso, come insegna la burrasca  alla fine della scorsa stagione.<\/p>\n<p>    l&#8217;\u00e0ncora\u2014 \u00a0<\/p>\n<p class=\"paragraph\" spellcheck=\"true\">Chivu, uomo di mondo, lo ha capito subito e si \u00e8 adeguato saggiamente: la vita, che ha lo sballottato dai Carpazi all\u2019Italia passando per i canali di Amsterdam, gli ha insegnato a sognare in grande, a immaginare sempre nuove terre da conquistare, ma nello stesso tempo gli ha ricordato quanto conti avere un porto sicuro in cui rifugiarsi.   Cristian  avr\u00e0 pure alti ideali di gioco, ma sa dove lanciare l\u2019\u00e0ncora per evitare rischi: per intendersi, conosce  la tranquillit\u00e0 che pu\u00f2 dare il solito Calhanoglu incastrato tra due palleggiatori. Insomma, sa che se non si pu\u00f2 fare la rivoluzione, \u00e8 meglio governare il presente con  le  solite mezzali. Cos\u00ec una evoluzione lenta e senza scossoni, fatta di cambiamenti piccoli e semplici aggiustamenti tattici, pu\u00f2 (almeno per un po\u2019)  pu\u00f2 evitare le tempeste. La decisione di non rinunciare al modulo di Simone Inzaghi, quel 3-5-2 inciso nella pietra negli ultimi quattro anni, si spiega anche cos\u00ec: manca un centrocampista muscolare che permetta di  passare a una mediana a due, per rovesciare il destino sarebbe bastato Manu Kon\u00e9, centurione giallorosso a lungo bramato dal tecnico e sogno per la prossima estate. Non bastasse, in un centrocampo di piedi buoni e soprattutto  in una inesplorata trequarti non sono arrivati degli assaltatori specializzati, giocatori dotati di cambio di passo e  dribbling: Lookman, o anche solo un replicante del nigeriano, avrebbe permesso di associarsi alle punte in modo differente. Insomma, lo schema interista \u00e8 rimasto lo stesso, quello inzaghiano, che prima degli ultimi mesi aveva comunque toccato vette esaltanti, anche se il tecnico romeno prova a declinarlo in maniera leggermente differente: un\u2019idea di pressing moderno e pi\u00f9 alto e di calcio verticale \u00e8 ben visibile tra le pieghe di questo inizio stagione, ma sono altrettanto evidenti le vecchie trame di gioco (e alcuni difetti congeniti).<\/p>\n<p><a class=\"is-partner-link\" href=\"https:\/\/fantacampionato.gazzetta.it\/home\/?cmpid=PWPS_fantacampionato_cta25%20\" rel=\"nofollow noopener\" target=\"_blank\">Fantacampionato, ci siamo! La classifica generale parte alla 6\u00aa giornata &#8211; sei ancora in tempo per vincere auto, moto, e-bike e molto altro. Gioca ora!<\/a><\/p>\n<p>        <img decoding=\"async\" class=\"is_full_image\" loading=\"lazy\" alt=\"Inter Milan's Romanian coach Cristian Chivu looks on from the sidelines during the UEFA Champions League first round day 1 football match between Ajax Amsterdam and Inter Milan, at the Johan Cruijff ArenA in Amsterdam, on September 17, 2025. (Photo by NICOLAS TUCAT \/ AFP)\" src=\"https:\/\/www.europesays.com\/it\/wp-content\/uploads\/2025\/09\/68d465f06c3d7.jpeg\" data-full-src=\"https:\/\/www.europesays.com\/it\/wp-content\/uploads\/2025\/09\/68d465f06c3d7.jpeg\"\/><\/p>\n<p>    la guida\u2014 \u00a0<\/p>\n<p class=\"paragraph\" spellcheck=\"true\">\u00c8 stato lo stesso Chivu a chiarirlo a tempo debito: &#8220;In questi anni la squadra ha fatto tante cose buone: io non le voglio togliere, voglio togliere solo qualche difettuccio&#8230;&#8221;, ha detto non a caso dopo la sconfitta con l\u2019Udinese. &#8220;Bisogna tirare fuori pragmatismo e concretezza&#8221;, ha rintuzzato dopo il secondo ko dello Stadium, figlio soprattutto della vecchia presunzione. Da allora, la rotta \u00e8 stata decisamente raddrizzata tra Ajax e Sassuolo, anche se  nel finale dell\u2019ultima a San Siro si sono riviste a tratti le vecchi e onde pericolose. Akanji si \u00e8 inserito con la naturalezza di un campione in  difesa, mentre in mezzo Sucic \u00e8 la novit\u00e0 pi\u00f9 fresca tra i titolari, anche se con consegne simili a quelle dell\u2019eterno Mkhitaryan. Dietro alla ThuLa c\u2019\u00e8 finalmente vita \u2013 Bonny e Pio lasciano immaginare un futuro esaltante \u2013, ma per il resto, sono rimaste le stesse facce di prima tra i titolari. Cinque partite di questa stagione pi\u00f9 quattro nella coda del Mondiale per club non sono ovviamente abbastanza    per sovrapporre Chivu come carta carbone all\u2019ultimo quadriennio di Inzaghi, ma la transizione reale da un allenatore all\u2019altro \u00e8 ancora all\u2019inizio. Piuttosto, il tecnico di oggi fa bene ad avere nel mirino Conte, l\u2019uomo che pu\u00f2 davvero indicargli la via: prima di fuggire da Milano, Antonio aveva infatti strappato uno scudetto prendendo 7 gol nei primi 360\u2019 e risalendo tra le onde fino alla vetta.    Il problema, per\u00f2, \u00e8 che tra il dire e il (ri)fare c\u2019\u00e8 di mezzo sempre la stessa cosa.<\/p>\n<p class=\"is-copyright\">\u00a9 RIPRODUZIONE RISERVATA<\/p>\n","protected":false},"excerpt":{"rendered":"La rivoluzione pu\u00f2 attendere: l\u2019allenatore fa retromarcia e per risalire in A segue la scia di Simone. Pesano&hellip;\n","protected":false},"author":3,"featured_media":128835,"comment_status":"","ping_status":"","sticky":false,"template":"","format":"standard","meta":{"footnotes":""},"categories":[1452],"tags":[7646,84983,84984,48121,55649,1960,839,84982,721,2839,16840,1278,6926,1342,1740,2024,128,23918,1302,7378,350,6032,1537,90,89,2050,14767,2508,19710,489,6857,23613,4696,3744,2718,76355,6193,8206,1739,337,84980,245,244,1857,577,14801,33500,3375,24173,23562,338,7371,59643,8188,84981],"class_list":{"0":"post-128834","1":"post","2":"type-post","3":"status-publish","4":"format-standard","5":"has-post-thumbnail","7":"category-calcio","8":"tag-abiti","9":"tag-abiti-sgualciti","10":"tag-abiti-sgualciti-ribelle","11":"tag-abituati","12":"tag-akanji","13":"tag-allenatore","14":"tag-almeno","15":"tag-ancora","16":"tag-calcio","17":"tag-chivu","18":"tag-cristian","19":"tag-davvero","20":"tag-differente","21":"tag-evitare","22":"tag-football","23":"tag-gioco","24":"tag-idea","25":"tag-immaginare","26":"tag-inizio","27":"tag-insomma","28":"tag-inter","29":"tag-inzaghi","30":"tag-it","31":"tag-italia","32":"tag-italy","33":"tag-mare","34":"tag-modulo","35":"tag-nuove","36":"tag-onde","37":"tag-passato","38":"tag-permesso","39":"tag-pressing","40":"tag-prova","41":"tag-rischi","42":"tag-rivoluzione","43":"tag-romeno","44":"tag-sa","45":"tag-simone","46":"tag-soccer","47":"tag-soprattutto","48":"tag-specializzati","49":"tag-sport","50":"tag-sports","51":"tag-squadra","52":"tag-stagione","53":"tag-sucic","54":"tag-superare","55":"tag-tecnico","56":"tag-titolari","57":"tag-togliere","58":"tag-ultimi","59":"tag-vecchi","60":"tag-vecchie","61":"tag-voglio","62":"tag-voglio-togliere"},"share_on_mastodon":{"url":"","error":""},"_links":{"self":[{"href":"https:\/\/www.europesays.com\/it\/wp-json\/wp\/v2\/posts\/128834","targetHints":{"allow":["GET"]}}],"collection":[{"href":"https:\/\/www.europesays.com\/it\/wp-json\/wp\/v2\/posts"}],"about":[{"href":"https:\/\/www.europesays.com\/it\/wp-json\/wp\/v2\/types\/post"}],"author":[{"embeddable":true,"href":"https:\/\/www.europesays.com\/it\/wp-json\/wp\/v2\/users\/3"}],"replies":[{"embeddable":true,"href":"https:\/\/www.europesays.com\/it\/wp-json\/wp\/v2\/comments?post=128834"}],"version-history":[{"count":0,"href":"https:\/\/www.europesays.com\/it\/wp-json\/wp\/v2\/posts\/128834\/revisions"}],"wp:featuredmedia":[{"embeddable":true,"href":"https:\/\/www.europesays.com\/it\/wp-json\/wp\/v2\/media\/128835"}],"wp:attachment":[{"href":"https:\/\/www.europesays.com\/it\/wp-json\/wp\/v2\/media?parent=128834"}],"wp:term":[{"taxonomy":"category","embeddable":true,"href":"https:\/\/www.europesays.com\/it\/wp-json\/wp\/v2\/categories?post=128834"},{"taxonomy":"post_tag","embeddable":true,"href":"https:\/\/www.europesays.com\/it\/wp-json\/wp\/v2\/tags?post=128834"}],"curies":[{"name":"wp","href":"https:\/\/api.w.org\/{rel}","templated":true}]}}